{"id":43117,"date":"2022-05-19T08:49:40","date_gmt":"2022-05-19T12:49:40","guid":{"rendered":"https:\/\/lbmedicalspa.cl\/blog\/?p=43117"},"modified":"2022-05-26T21:05:14","modified_gmt":"2022-05-27T01:05:14","slug":"protege-tu-piel-de-la-contaminacion-con-este-serum","status":"publish","type":"post","link":"https:\/\/lbmedicalspa.cl\/blog\/protege-tu-piel-de-la-contaminacion-con-este-serum\/","title":{"rendered":"Protege tu piel de la contaminaci\u00f3n con este serum"},"content":{"rendered":"<p>[vc_row][vc_column][vc_single_image image=&#8221;43119&#8243; img_size=&#8221;full&#8221; alignment=&#8221;center&#8221;][\/vc_column][\/vc_row][vc_row][vc_column][vc_column_text]Con el uso diario del serum antioxidante <strong><a href=\"https:\/\/lbmedicalspa.cl\/blog\/producto\/phloretin-cf-30ml-antioxidante\/\">Phloretin CF<\/a><\/strong> proteges tu piel de la contaminaci\u00f3n ambiental. Su potente poder antioxidante ha demostrado que corrige los da\u00f1os ya existentes en la piel, ayudando tambi\u00e9n a mejorar los signos de la edad.[\/vc_column_text][vc_column_text]Este antioxidante de uso diario posee un 10% de vitamina C pura que aporta protecci\u00f3n ambiental avanzada. Reduce las l\u00edneas de expresi\u00f3n y la hiperpigmentaci\u00f3n. \u00bfQuieres conocer m\u00e1s? \u00a1Sigue leyendo![\/vc_column_text][\/vc_column][\/vc_row][vc_row equal_height=&#8221;yes&#8221;][vc_column][vc_column_text]<\/p>\n<h3><span style=\"color: #ffad00; text-transform: none;\">Serum antioxidante <\/span><span style=\"color: #ffad00; text-transform: none;\">Phloretin CF<\/span><\/h3>\n<p>[\/vc_column_text][vc_row_inner equal_height=&#8221;yes&#8221;][vc_column_inner width=&#8221;2\/3&#8243;][vc_column_text]<\/p>\n<div class=\"page\" title=\"Page 3\">\n<div class=\"layoutArea\">\n<div class=\"column\">\n<p><b>TIPO DE PIEL:<\/b>\u00a0Normal, Grasa, Mixta.<br \/>\n<b>PROBLEM\u00c1TICA DE LA PIEL:\u00a0<\/b>Arrugas y firmeza, imperfecciones, manchas.<\/p>\n<p>Este s\u00e9rum est\u00e1 hecho a partir de una combinaci\u00f3n sin\u00e9rgica patentada. Contiene un 2% de floretina, un 10% de vitamina C pura (\u00e1cido L-asc\u00f3rbico) y un 0,5% de \u00e1cido fer\u00falico para brindar una protecci\u00f3n reforzada frente al envejecimiento de la piel por causas atmosf\u00e9ricas.<br \/>\nLos signos prematuros del envejecimiento aparecen como consecuencia de los radicales libres procedentes de la radiaci\u00f3n UVA\/UVB, la radiaci\u00f3n infrarroja (IRA) y la contaminaci\u00f3n por ozono (O3).<br \/>\nAdem\u00e1s de sus propiedades protectoras, el s\u00e9rum antioxidante Phloretin CF mejora la apariencia de la hiperpigmentaci\u00f3n, las l\u00edneas de expresi\u00f3n y el tono irregular.<\/p>\n<ul>\n<li><strong>Protecci\u00f3n ambiental avanzada<\/strong>: Phloretin CF lo consigue al neutralizar la acci\u00f3n perjudicial de los radicales libres sobre el rostro.<\/li>\n<li><strong>Mejora la apariencia de la hiperpigmentaci\u00f3n y del tono global de la piel.<\/strong><\/li>\n<li><strong>Eficacia duradera<\/strong>: una vez que se absorbe, este s\u00e9rum facial antioxidante se mantiene efectivo durante un m\u00ednimo de 72 horas.<\/li>\n<li><strong>No contiene perfumes<\/strong>, haciendo que su aplicaci\u00f3n sea adecuada para combinar con otros productos cosm\u00e9ticos.<\/li>\n<li><strong>Ideal para pieles normales, grasas y mixtas<\/strong>\u00a0que necesiten una protecci\u00f3n extra contra la acci\u00f3n de los radicales libres en el cutis.<\/li>\n<\/ul>\n<\/div>\n<\/div>\n<\/div>\n<p>[\/vc_column_text][\/vc_column_inner][vc_column_inner width=&#8221;1\/3&#8243;][vc_single_image image=&#8221;43118&#8243; img_size=&#8221;full&#8221;][\/vc_column_inner][\/vc_row_inner][\/vc_column][\/vc_row][vc_row equal_height=&#8221;yes&#8221;][vc_column][vc_column_text]<\/p>\n<h3><span style=\"color: #ffad00; text-transform: none;\">\u00bfC\u00f3mo se aplica el serum <\/span><span style=\"color: #ffad00; text-transform: none;\">Phloretin CF en la piel?<\/span><\/h3>\n<p>[\/vc_column_text][vc_row_inner equal_height=&#8221;yes&#8221;][vc_column_inner width=&#8221;2\/3&#8243;][vc_column_text]<\/p>\n<div class=\"page\" title=\"Page 3\">\n<div class=\"layoutArea\">\n<div class=\"column\">\n<p>Conviene\u00a0<strong>aplicar el s\u00e9rum antioxidante Phloretin CF por la ma\u00f1ana y sobre la piel seca<\/strong>. Utilizar 4 o 5 gotas para cubrir el rostro, el cuello, en el escote e incluso en el dorso de las manos.<\/p>\n<p>Una vez absorbido, es posible aplicar otros productos cosm\u00e9ticos. Dada su concentraci\u00f3n en vitamina C, es normal que el producto se oscurezca tras su apertura. Esto se debe a la exposici\u00f3n a la luz y al aire, pero su f\u00f3rmula seguir\u00e1 siendo igual de eficaz.<\/p>\n<p>Adem\u00e1s, para disfrutar de sus efectos al m\u00e1ximo, se recomienda usarlo en un plazo de 3 meses a partir del primer uso.<\/p>\n<p>Para completar la rutina de protecci\u00f3n del rostro, se recomienda aplicar un <a href=\"https:\/\/lbmedicalspa.cl\/blog\/producto\/physical-fusion-uv-fps-50-50-ml\/\">fotoprotector SkinCeuticals<\/a>. Al utilizarlos de forma conjunta, estos brindar\u00e1n una protecci\u00f3n m\u00e1s completa frente al envejecimiento visible causado por las agresiones ambientales.<\/p>\n<\/div>\n<\/div>\n<\/div>\n<p>[\/vc_column_text][\/vc_column_inner][vc_column_inner width=&#8221;1\/3&#8243;][vc_single_image image=&#8221;43122&#8243; img_size=&#8221;full&#8221;][\/vc_column_inner][\/vc_row_inner][\/vc_column][\/vc_row][vc_row][vc_column][vc_column_text css=&#8221;.vc_custom_1653613072561{padding-top: 20px !important;padding-right: 20px !important;padding-bottom: 20px !important;padding-left: 20px !important;background-color: #f2f2f2 !important;}&#8221;]<\/p>\n<h4><span style=\"font-weight: 500;\">El serum Phloretin CF de la l\u00ednea dermocosm\u00e9tica SkinCeuticals es perfecto para proteger pieles mixtas a grasas. Para complementar tu rutina skincare, no dudes en visitar todos los <a href=\"https:\/\/lbmedicalspa.cl\/blog\/categoria-tienda\/skincare\/\"><strong>productos disponibles en nuestra p\u00e1gina web.<\/strong><\/a>\u00a0<\/span><\/h4>\n<p>[\/vc_column_text][\/vc_column][\/vc_row]<\/p>\n\n","protected":false},"excerpt":{"rendered":"<p>Phloretin CF es un serum antioxidante de uso diario con un 10% de vitamina C pura que aporta protecci\u00f3n ambiental avanzada. Reduce las l\u00edneas de expresi\u00f3n y la hiperpigmentaci\u00f3n.<\/p>\n","protected":false},"author":10,"featured_media":43120,"comment_status":"closed","ping_status":"closed","sticky":false,"template":"","format":"standard","meta":{"nf_dc_page":"","content-type":""},"categories":[389],"tags":[532,379,393,566,565,382,552,530,431,438],"yoast_head":"<!-- This site is optimized with the Yoast SEO plugin v20.5 - https:\/\/yoast.com\/wordpress\/plugins\/seo\/ -->\n<title>Protege tu piel de la contaminaci\u00f3n con este serum - Cl\u00ednica LB Medical SPA<\/title>\n<meta name=\"robots\" content=\"index, follow, max-snippet:-1, max-image-preview:large, max-video-preview:-1\" \/>\n<link rel=\"canonical\" href=\"https:\/\/lbmedicalspa.cl\/blog\/protege-tu-piel-de-la-contaminacion-con-este-serum\/\" \/>\n<meta property=\"og:locale\" content=\"es_ES\" \/>\n<meta property=\"og:type\" content=\"article\" \/>\n<meta property=\"og:title\" content=\"Protege tu piel de la contaminaci\u00f3n con este serum - Cl\u00ednica LB Medical SPA\" \/>\n<meta property=\"og:description\" content=\"Phloretin CF es un serum antioxidante de uso diario con un 10% de vitamina C pura que aporta protecci\u00f3n ambiental avanzada. Reduce las l\u00edneas de expresi\u00f3n y la hiperpigmentaci\u00f3n.\" \/>\n<meta property=\"og:url\" content=\"https:\/\/lbmedicalspa.cl\/blog\/protege-tu-piel-de-la-contaminacion-con-este-serum\/\" \/>\n<meta property=\"og:site_name\" content=\"Cl\u00ednica LB Medical SPA\" \/>\n<meta property=\"article:published_time\" content=\"2022-05-19T12:49:40+00:00\" \/>\n<meta property=\"article:modified_time\" content=\"2022-05-27T01:05:14+00:00\" \/>\n<meta property=\"og:image\" content=\"https:\/\/lbmedicalspa.cl\/blog\/wp-content\/uploads\/2022\/05\/Protege-tu-piel-de-la-contaminacio\u0301n-con-este-serum-2.jpg\" \/>\n\t<meta property=\"og:image:width\" content=\"1920\" \/>\n\t<meta property=\"og:image:height\" content=\"1080\" \/>\n\t<meta property=\"og:image:type\" content=\"image\/jpeg\" \/>\n<meta name=\"author\" content=\"Lilian Bonilla\" \/>\n<meta name=\"twitter:card\" content=\"summary_large_image\" \/>\n<meta name=\"twitter:label1\" content=\"Escrito por\" \/>\n\t<meta name=\"twitter:data1\" content=\"Lilian Bonilla\" \/>\n\t<meta name=\"twitter:label2\" content=\"Tiempo de lectura\" \/>\n\t<meta name=\"twitter:data2\" content=\"3 minutos\" \/>\n<!-- \/ Yoast SEO plugin. -->","yoast_head_json":{"title":"Protege tu piel de la contaminaci\u00f3n con este serum - Cl\u00ednica LB Medical SPA","robots":{"index":"index","follow":"follow","max-snippet":"max-snippet:-1","max-image-preview":"max-image-preview:large","max-video-preview":"max-video-preview:-1"},"canonical":"https:\/\/lbmedicalspa.cl\/blog\/protege-tu-piel-de-la-contaminacion-con-este-serum\/","og_locale":"es_ES","og_type":"article","og_title":"Protege tu piel de la contaminaci\u00f3n con este serum - Cl\u00ednica LB Medical SPA","og_description":"Phloretin CF es un serum antioxidante de uso diario con un 10% de vitamina C pura que aporta protecci\u00f3n ambiental avanzada. Reduce las l\u00edneas de expresi\u00f3n y la hiperpigmentaci\u00f3n.","og_url":"https:\/\/lbmedicalspa.cl\/blog\/protege-tu-piel-de-la-contaminacion-con-este-serum\/","og_site_name":"Cl\u00ednica LB Medical SPA","article_published_time":"2022-05-19T12:49:40+00:00","article_modified_time":"2022-05-27T01:05:14+00:00","og_image":[{"width":1920,"height":1080,"url":"https:\/\/lbmedicalspa.cl\/blog\/wp-content\/uploads\/2022\/05\/Protege-tu-piel-de-la-contaminacio\u0301n-con-este-serum-2.jpg","type":"image\/jpeg"}],"author":"Lilian Bonilla","twitter_card":"summary_large_image","twitter_misc":{"Escrito por":"Lilian Bonilla","Tiempo de lectura":"3 minutos"},"schema":{"@context":"https:\/\/schema.org","@graph":[{"@type":"Article","@id":"https:\/\/lbmedicalspa.cl\/blog\/protege-tu-piel-de-la-contaminacion-con-este-serum\/#article","isPartOf":{"@id":"https:\/\/lbmedicalspa.cl\/blog\/protege-tu-piel-de-la-contaminacion-con-este-serum\/"},"author":{"name":"Lilian Bonilla","@id":"https:\/\/lbmedicalspa.cl\/blog\/#\/schema\/person\/da075de94495cb33bb8de6006e1abe08"},"headline":"Protege tu piel de la contaminaci\u00f3n con este serum","datePublished":"2022-05-19T12:49:40+00:00","dateModified":"2022-05-27T01:05:14+00:00","mainEntityOfPage":{"@id":"https:\/\/lbmedicalspa.cl\/blog\/protege-tu-piel-de-la-contaminacion-con-este-serum\/"},"wordCount":684,"publisher":{"@id":"https:\/\/lbmedicalspa.cl\/blog\/#organization"},"keywords":["cuidado de la piel","Cuidados de la piel","Envejecimiento prematuro","hiperpigmentaci\u00f3n","manchas","Piel","salud y belleza","serum","SkinCeuticals","tratamientos faciales"],"articleSection":["Nuestros productos"],"inLanguage":"es"},{"@type":"WebPage","@id":"https:\/\/lbmedicalspa.cl\/blog\/protege-tu-piel-de-la-contaminacion-con-este-serum\/","url":"https:\/\/lbmedicalspa.cl\/blog\/protege-tu-piel-de-la-contaminacion-con-este-serum\/","name":"Protege tu piel de la contaminaci\u00f3n con este serum - Cl\u00ednica LB Medical SPA","isPartOf":{"@id":"https:\/\/lbmedicalspa.cl\/blog\/#website"},"datePublished":"2022-05-19T12:49:40+00:00","dateModified":"2022-05-27T01:05:14+00:00","inLanguage":"es","potentialAction":[{"@type":"ReadAction","target":["https:\/\/lbmedicalspa.cl\/blog\/protege-tu-piel-de-la-contaminacion-con-este-serum\/"]}]},{"@type":"WebSite","@id":"https:\/\/lbmedicalspa.cl\/blog\/#website","url":"https:\/\/lbmedicalspa.cl\/blog\/","name":"Cl\u00ednica LB Medical SPA","description":"Medicina Est\u00e9tica, Antiage y Depilaci\u00f3n L\u00e1ser","publisher":{"@id":"https:\/\/lbmedicalspa.cl\/blog\/#organization"},"potentialAction":[{"@type":"SearchAction","target":{"@type":"EntryPoint","urlTemplate":"https:\/\/lbmedicalspa.cl\/blog\/?s={search_term_string}"},"query-input":"required name=search_term_string"}],"inLanguage":"es"},{"@type":"Organization","@id":"https:\/\/lbmedicalspa.cl\/blog\/#organization","name":"Cl\u00ednica LB Medical SPA","url":"https:\/\/lbmedicalspa.cl\/blog\/","logo":{"@type":"ImageObject","inLanguage":"es","@id":"https:\/\/lbmedicalspa.cl\/blog\/#\/schema\/logo\/image\/","url":"https:\/\/lbmedicalspa.cl\/blog\/wp-content\/uploads\/2021\/07\/clinica-lb-medical-spa-60x142-1.png","contentUrl":"https:\/\/lbmedicalspa.cl\/blog\/wp-content\/uploads\/2021\/07\/clinica-lb-medical-spa-60x142-1.png","width":142,"height":60,"caption":"Cl\u00ednica LB Medical SPA"},"image":{"@id":"https:\/\/lbmedicalspa.cl\/blog\/#\/schema\/logo\/image\/"}},{"@type":"Person","@id":"https:\/\/lbmedicalspa.cl\/blog\/#\/schema\/person\/da075de94495cb33bb8de6006e1abe08","name":"Lilian Bonilla","sameAs":["https:\/\/lbmedicalspa.cl\/blog"],"url":"https:\/\/lbmedicalspa.cl\/blog\/author\/lilian\/"}]}},"_links":{"self":[{"href":"https:\/\/lbmedicalspa.cl\/blog\/wp-json\/wp\/v2\/posts\/43117"}],"collection":[{"href":"https:\/\/lbmedicalspa.cl\/blog\/wp-json\/wp\/v2\/posts"}],"about":[{"href":"https:\/\/lbmedicalspa.cl\/blog\/wp-json\/wp\/v2\/types\/post"}],"author":[{"embeddable":true,"href":"https:\/\/lbmedicalspa.cl\/blog\/wp-json\/wp\/v2\/users\/10"}],"replies":[{"embeddable":true,"href":"https:\/\/lbmedicalspa.cl\/blog\/wp-json\/wp\/v2\/comments?post=43117"}],"version-history":[{"count":2,"href":"https:\/\/lbmedicalspa.cl\/blog\/wp-json\/wp\/v2\/posts\/43117\/revisions"}],"predecessor-version":[{"id":43123,"href":"https:\/\/lbmedicalspa.cl\/blog\/wp-json\/wp\/v2\/posts\/43117\/revisions\/43123"}],"wp:featuredmedia":[{"embeddable":true,"href":"https:\/\/lbmedicalspa.cl\/blog\/wp-json\/wp\/v2\/media\/43120"}],"wp:attachment":[{"href":"https:\/\/lbmedicalspa.cl\/blog\/wp-json\/wp\/v2\/media?parent=43117"}],"wp:term":[{"taxonomy":"category","embeddable":true,"href":"https:\/\/lbmedicalspa.cl\/blog\/wp-json\/wp\/v2\/categories?post=43117"},{"taxonomy":"post_tag","embeddable":true,"href":"https:\/\/lbmedicalspa.cl\/blog\/wp-json\/wp\/v2\/tags?post=43117"}],"curies":[{"name":"wp","href":"https:\/\/api.w.org\/{rel}","templated":true}]}}