{"id":42971,"date":"2022-04-14T10:10:08","date_gmt":"2022-04-14T14:10:08","guid":{"rendered":"https:\/\/lbmedicalspa.cl\/blog\/?p=42971"},"modified":"2022-04-25T11:28:17","modified_gmt":"2022-04-25T15:28:17","slug":"estimula-el-crecimiento-de-tu-cabello-con-prp-capilar","status":"publish","type":"post","link":"https:\/\/lbmedicalspa.cl\/blog\/estimula-el-crecimiento-de-tu-cabello-con-prp-capilar\/","title":{"rendered":"Estimula el crecimiento de tu cabello con PRP Capilar"},"content":{"rendered":"<p>[vc_row][vc_column][vc_single_image image=&#8221;42973&#8243; img_size=&#8221;full&#8221; alignment=&#8221;center&#8221;][\/vc_column][\/vc_row][vc_row][vc_column][vc_column_text]La bioestimulaci\u00f3n capilar con PRP o Plasma Rico en Plaquetas es un tratamiento que consigue regenerar los fol\u00edculos da\u00f1ados, estimular y fortalecer el crecimiento del cabello y retrasar el deterioro de las c\u00e9lulas de los fol\u00edculos pilosos.[\/vc_column_text][vc_column_text]Adem\u00e1s, el PRP Capilar busca mejorar la circulaci\u00f3n del cuero cabelludo y, de esta forma, favorecer la producci\u00f3n de col\u00e1geno y elastina, lo cual fortalece la fibra capilar, disminuye la ca\u00edda y estimula el crecimiento de nuevos cabellos.[\/vc_column_text][\/vc_column][\/vc_row][vc_row][vc_column width=&#8221;1\/4&#8243;][vc_single_image image=&#8221;42974&#8243; img_size=&#8221;full&#8221;][\/vc_column][vc_column width=&#8221;3\/4&#8243;][vc_column_text]<\/p>\n<h3><span style=\"color: #ffad00; text-transform: none;\">\u00bfEn qu\u00e9 consiste el tratamiento PRP Capilar?\u00a0<\/span><\/h3>\n<p>[\/vc_column_text][vc_column_text]El procedimiento comienza con la extracci\u00f3n de 50 a 60 cc de sangre del paciente, la que luego es depositada en tubos insertos en una centr\u00edfuga que logra separar el plasma rico en plaquetas de los gl\u00f3bulos rojos.<\/p>\n<p>Una vez ocurrido este proceso, el PRP es inyectado en el cuero cabelludo del paciente mediante microagujas para estimular y rehabilitar los fol\u00edculos que est\u00e9n en fase de envejecimiento, y de esta manera,\u00a0permitir que vuelvan a producir cabellos resistentes y saludables.<\/p>\n<p>Para terminar, se aplica un dispositivo con tecnolog\u00eda de <strong>Alta Frecuencia<\/strong> sobre la superficie del cuero cabelludo con la finalidad de aumentar la irrigaci\u00f3n sangu\u00ednea, revitalizar las c\u00e9lulas y facilitar la absorci\u00f3n de los tratamientos coadyuvantes.<\/p>\n<p>Cabe se\u00f1alar que, como el insumo es exclusivo y propio del paciente,<strong> no existe ning\u00fan riesgo de rechazo a la sustancia<\/strong>, garantizando un buen resultado.<\/p>\n<p>Para potenciar los beneficios del PRP en el cuero cabelludo, se recomienda realizar de forma simult\u00e1nea un tratamiento con vitaminas revitalizantes o <a href=\"https:\/\/lbmedicalspa.cl\/blog\/mesoterapia-capilar-previene-la-caida-del-cabello\/\"><strong>mesoterapia capilar<\/strong><\/a>, el cual consiste en penetrar un complejo de principios activos antioxidantes y vitam\u00ednicos en el cuero cabelludo para oxigenar y nutrir los fol\u00edculos, y as\u00ed conseguir un cabello m\u00e1s abundante y resistente.[\/vc_column_text][\/vc_column][\/vc_row][vc_row equal_height=&#8221;yes&#8221;][vc_column][vc_column_text]<\/p>\n<h3><span style=\"color: #ffad00; text-transform: none;\">\u00bfCu\u00e1nto tiempo dura el tratamiento?<\/span><\/h3>\n<p>[\/vc_column_text][vc_row_inner equal_height=&#8221;yes&#8221;][vc_column_inner][vc_column_text]El tratamiento tarda entre <strong>30 a 45 minutos<\/strong> considerando el tiempo de extracci\u00f3n, centrifugado y aplicaci\u00f3n. La cantidad de sesiones se indican seg\u00fan cada paciente para determinar las necesidades y resultados que se quieren conseguir. Sin embargo, en promedio, el tratamiento se repite cada 6 a 8 meses seg\u00fan el grado de p\u00e9rdida de cabello.<\/p>\n<p>Los <strong>resultados<\/strong> son visibles a partir de la cuarta o quinta semana, aproximadamente.<\/p>\n<p>Tras el procedimiento de PRP Capilar, el\/la paciente puede retomar su vida habitual, siempre teniendo en cuenta las recomendaciones entregadas por nuestro personal de salud.<\/p>\n<ul>\n<li>En algunas ocasiones, es posible que aparezcan peque\u00f1as hinchazones o hematomas debido a las inyecciones, las cuales desaparecen a las pocas horas.<\/li>\n<li>Si bien este tratamiento se realiza utilizando la sangre del mismo paciente, <strong>se evita realizar en embarazadas y mujeres en per\u00edodo de lactancia.\u00a0<\/strong><\/li>\n<li>Se recomienda no lavar el cabello durante las pr\u00f3ximas 24 horas.<\/li>\n<\/ul>\n<p>[\/vc_column_text][\/vc_column_inner][\/vc_row_inner][\/vc_column][\/vc_row][vc_row][vc_column][vc_column_text css=&#8221;.vc_custom_1650582210458{padding-top: 20px !important;padding-right: 20px !important;padding-bottom: 20px !important;padding-left: 20px !important;background-color: #f2f2f2 !important;}&#8221;]<\/p>\n<h4><span style=\"font-weight: 500;\">Devu\u00e9lvele la fuerza y vitalidad a tu cabello gracias al tratamiento PRP Capilar. Si quieres agendar tu hora, escr\u00edbenos al +56 9 6617 4195, o a trav\u00e9s de nuestro sistema de <a href=\"https:\/\/lbmedicalspa.cl\/blog\/agenda-tu-cita-con-agendapro\/\"><strong>agendamiento online. \u00a1Te esperamos!<\/strong><\/a><\/span><\/h4>\n<p>[\/vc_column_text][\/vc_column][\/vc_row]<\/p>\n\n","protected":false},"excerpt":{"rendered":"<p>La bioestimulaci\u00f3n con PRP Capilar es un tratamiento que regenera los fol\u00edculos da\u00f1ados, y fortalece y estimula el crecimiento del cabello. \u00bfQuieres saber m\u00e1s? Te lo contamos en este blog.<\/p>\n","protected":false},"author":10,"featured_media":42975,"comment_status":"closed","ping_status":"closed","sticky":false,"template":"","format":"standard","meta":{"nf_dc_page":"","content-type":""},"categories":[450],"tags":[556,526,379,568,580,581,584],"yoast_head":"<!-- This site is optimized with the Yoast SEO plugin v20.5 - https:\/\/yoast.com\/wordpress\/plugins\/seo\/ -->\n<title>Estimula el crecimiento de tu cabello con PRP Capilar - Cl\u00ednica LB Medical SPA<\/title>\n<meta name=\"robots\" content=\"index, follow, max-snippet:-1, max-image-preview:large, max-video-preview:-1\" \/>\n<link rel=\"canonical\" href=\"https:\/\/lbmedicalspa.cl\/blog\/estimula-el-crecimiento-de-tu-cabello-con-prp-capilar\/\" \/>\n<meta property=\"og:locale\" content=\"es_ES\" \/>\n<meta property=\"og:type\" content=\"article\" \/>\n<meta property=\"og:title\" content=\"Estimula el crecimiento de tu cabello con PRP Capilar - Cl\u00ednica LB Medical SPA\" \/>\n<meta property=\"og:description\" content=\"La bioestimulaci\u00f3n con PRP Capilar es un tratamiento que regenera los fol\u00edculos da\u00f1ados, y fortalece y estimula el crecimiento del cabello. \u00bfQuieres saber m\u00e1s? Te lo contamos en este blog.\" \/>\n<meta property=\"og:url\" content=\"https:\/\/lbmedicalspa.cl\/blog\/estimula-el-crecimiento-de-tu-cabello-con-prp-capilar\/\" \/>\n<meta property=\"og:site_name\" content=\"Cl\u00ednica LB Medical SPA\" \/>\n<meta property=\"article:published_time\" content=\"2022-04-14T14:10:08+00:00\" \/>\n<meta property=\"article:modified_time\" content=\"2022-04-25T15:28:17+00:00\" \/>\n<meta property=\"og:image\" content=\"https:\/\/lbmedicalspa.cl\/blog\/wp-content\/uploads\/2022\/04\/Estimula-el-crecimiento-de-tu-cabello-con-PRP-Capilar-2.jpg\" \/>\n\t<meta property=\"og:image:width\" content=\"1920\" \/>\n\t<meta property=\"og:image:height\" content=\"1080\" \/>\n\t<meta property=\"og:image:type\" content=\"image\/jpeg\" \/>\n<meta name=\"author\" content=\"Lilian Bonilla\" \/>\n<meta name=\"twitter:card\" content=\"summary_large_image\" \/>\n<meta name=\"twitter:label1\" content=\"Escrito por\" \/>\n\t<meta name=\"twitter:data1\" content=\"Lilian Bonilla\" \/>\n\t<meta name=\"twitter:label2\" content=\"Tiempo de lectura\" \/>\n\t<meta name=\"twitter:data2\" content=\"3 minutos\" \/>\n<!-- \/ Yoast SEO plugin. -->","yoast_head_json":{"title":"Estimula el crecimiento de tu cabello con PRP Capilar - Cl\u00ednica LB Medical SPA","robots":{"index":"index","follow":"follow","max-snippet":"max-snippet:-1","max-image-preview":"max-image-preview:large","max-video-preview":"max-video-preview:-1"},"canonical":"https:\/\/lbmedicalspa.cl\/blog\/estimula-el-crecimiento-de-tu-cabello-con-prp-capilar\/","og_locale":"es_ES","og_type":"article","og_title":"Estimula el crecimiento de tu cabello con PRP Capilar - Cl\u00ednica LB Medical SPA","og_description":"La bioestimulaci\u00f3n con PRP Capilar es un tratamiento que regenera los fol\u00edculos da\u00f1ados, y fortalece y estimula el crecimiento del cabello. \u00bfQuieres saber m\u00e1s? Te lo contamos en este blog.","og_url":"https:\/\/lbmedicalspa.cl\/blog\/estimula-el-crecimiento-de-tu-cabello-con-prp-capilar\/","og_site_name":"Cl\u00ednica LB Medical SPA","article_published_time":"2022-04-14T14:10:08+00:00","article_modified_time":"2022-04-25T15:28:17+00:00","og_image":[{"width":1920,"height":1080,"url":"https:\/\/lbmedicalspa.cl\/blog\/wp-content\/uploads\/2022\/04\/Estimula-el-crecimiento-de-tu-cabello-con-PRP-Capilar-2.jpg","type":"image\/jpeg"}],"author":"Lilian Bonilla","twitter_card":"summary_large_image","twitter_misc":{"Escrito por":"Lilian Bonilla","Tiempo de lectura":"3 minutos"},"schema":{"@context":"https:\/\/schema.org","@graph":[{"@type":"Article","@id":"https:\/\/lbmedicalspa.cl\/blog\/estimula-el-crecimiento-de-tu-cabello-con-prp-capilar\/#article","isPartOf":{"@id":"https:\/\/lbmedicalspa.cl\/blog\/estimula-el-crecimiento-de-tu-cabello-con-prp-capilar\/"},"author":{"name":"Lilian Bonilla","@id":"https:\/\/lbmedicalspa.cl\/blog\/#\/schema\/person\/da075de94495cb33bb8de6006e1abe08"},"headline":"Estimula el crecimiento de tu cabello con PRP Capilar","datePublished":"2022-04-14T14:10:08+00:00","dateModified":"2022-04-25T15:28:17+00:00","mainEntityOfPage":{"@id":"https:\/\/lbmedicalspa.cl\/blog\/estimula-el-crecimiento-de-tu-cabello-con-prp-capilar\/"},"wordCount":647,"publisher":{"@id":"https:\/\/lbmedicalspa.cl\/blog\/#organization"},"keywords":["alopecia","antienvejecimiento","Cuidados de la piel","p\u00e9rdida del cabello","plasma rico en plaquetas","prp","prp capilar"],"articleSection":["Tratamientos corporales"],"inLanguage":"es"},{"@type":"WebPage","@id":"https:\/\/lbmedicalspa.cl\/blog\/estimula-el-crecimiento-de-tu-cabello-con-prp-capilar\/","url":"https:\/\/lbmedicalspa.cl\/blog\/estimula-el-crecimiento-de-tu-cabello-con-prp-capilar\/","name":"Estimula el crecimiento de tu cabello con PRP Capilar - Cl\u00ednica LB Medical SPA","isPartOf":{"@id":"https:\/\/lbmedicalspa.cl\/blog\/#website"},"datePublished":"2022-04-14T14:10:08+00:00","dateModified":"2022-04-25T15:28:17+00:00","inLanguage":"es","potentialAction":[{"@type":"ReadAction","target":["https:\/\/lbmedicalspa.cl\/blog\/estimula-el-crecimiento-de-tu-cabello-con-prp-capilar\/"]}]},{"@type":"WebSite","@id":"https:\/\/lbmedicalspa.cl\/blog\/#website","url":"https:\/\/lbmedicalspa.cl\/blog\/","name":"Cl\u00ednica LB Medical SPA","description":"Medicina Est\u00e9tica, Antiage y Depilaci\u00f3n L\u00e1ser","publisher":{"@id":"https:\/\/lbmedicalspa.cl\/blog\/#organization"},"potentialAction":[{"@type":"SearchAction","target":{"@type":"EntryPoint","urlTemplate":"https:\/\/lbmedicalspa.cl\/blog\/?s={search_term_string}"},"query-input":"required name=search_term_string"}],"inLanguage":"es"},{"@type":"Organization","@id":"https:\/\/lbmedicalspa.cl\/blog\/#organization","name":"Cl\u00ednica LB Medical SPA","url":"https:\/\/lbmedicalspa.cl\/blog\/","logo":{"@type":"ImageObject","inLanguage":"es","@id":"https:\/\/lbmedicalspa.cl\/blog\/#\/schema\/logo\/image\/","url":"https:\/\/lbmedicalspa.cl\/blog\/wp-content\/uploads\/2021\/07\/clinica-lb-medical-spa-60x142-1.png","contentUrl":"https:\/\/lbmedicalspa.cl\/blog\/wp-content\/uploads\/2021\/07\/clinica-lb-medical-spa-60x142-1.png","width":142,"height":60,"caption":"Cl\u00ednica LB Medical SPA"},"image":{"@id":"https:\/\/lbmedicalspa.cl\/blog\/#\/schema\/logo\/image\/"}},{"@type":"Person","@id":"https:\/\/lbmedicalspa.cl\/blog\/#\/schema\/person\/da075de94495cb33bb8de6006e1abe08","name":"Lilian Bonilla","sameAs":["https:\/\/lbmedicalspa.cl\/blog"],"url":"https:\/\/lbmedicalspa.cl\/blog\/author\/lilian\/"}]}},"_links":{"self":[{"href":"https:\/\/lbmedicalspa.cl\/blog\/wp-json\/wp\/v2\/posts\/42971"}],"collection":[{"href":"https:\/\/lbmedicalspa.cl\/blog\/wp-json\/wp\/v2\/posts"}],"about":[{"href":"https:\/\/lbmedicalspa.cl\/blog\/wp-json\/wp\/v2\/types\/post"}],"author":[{"embeddable":true,"href":"https:\/\/lbmedicalspa.cl\/blog\/wp-json\/wp\/v2\/users\/10"}],"replies":[{"embeddable":true,"href":"https:\/\/lbmedicalspa.cl\/blog\/wp-json\/wp\/v2\/comments?post=42971"}],"version-history":[{"count":2,"href":"https:\/\/lbmedicalspa.cl\/blog\/wp-json\/wp\/v2\/posts\/42971\/revisions"}],"predecessor-version":[{"id":42976,"href":"https:\/\/lbmedicalspa.cl\/blog\/wp-json\/wp\/v2\/posts\/42971\/revisions\/42976"}],"wp:featuredmedia":[{"embeddable":true,"href":"https:\/\/lbmedicalspa.cl\/blog\/wp-json\/wp\/v2\/media\/42975"}],"wp:attachment":[{"href":"https:\/\/lbmedicalspa.cl\/blog\/wp-json\/wp\/v2\/media?parent=42971"}],"wp:term":[{"taxonomy":"category","embeddable":true,"href":"https:\/\/lbmedicalspa.cl\/blog\/wp-json\/wp\/v2\/categories?post=42971"},{"taxonomy":"post_tag","embeddable":true,"href":"https:\/\/lbmedicalspa.cl\/blog\/wp-json\/wp\/v2\/tags?post=42971"}],"curies":[{"name":"wp","href":"https:\/\/api.w.org\/{rel}","templated":true}]}}