{"id":42881,"date":"2022-03-15T17:22:10","date_gmt":"2022-03-15T20:22:10","guid":{"rendered":"https:\/\/lbmedicalspa.cl\/blog\/?p=42881"},"modified":"2022-03-22T12:04:30","modified_gmt":"2022-03-22T15:04:30","slug":"mesoterapia-capilar-previene-la-caida-del-cabello","status":"publish","type":"post","link":"https:\/\/lbmedicalspa.cl\/blog\/mesoterapia-capilar-previene-la-caida-del-cabello\/","title":{"rendered":"Mesoterapia capilar: previene la ca\u00edda del cabello"},"content":{"rendered":"<p>[vc_row][vc_column][vc_single_image image=&#8221;42886&#8243; img_size=&#8221;full&#8221; alignment=&#8221;center&#8221;][\/vc_column][\/vc_row][vc_row][vc_column][vc_column_text css=&#8221;.vc_custom_1647459126453{margin-bottom: 0px !important;padding-bottom: 0px !important;}&#8221;]<\/p>\n<h3><strong><span style=\"color: #ffad00; text-transform: none;\">\u00bfPor qu\u00e9 se pierde el cabello?\u00a0<\/span><\/strong><\/h3>\n<p>[\/vc_column_text][vc_column_text css=&#8221;.vc_custom_1647460837041{margin-bottom: 0px !important;padding-bottom: 0px !important;}&#8221;]<\/p>\n<p id=\"tw-target-text\" class=\"tw-data-text tw-text-large tw-ta\" dir=\"ltr\" data-placeholder=\"Traducci\u00f3n\"><span class=\"Y2IQFc\" lang=\"es\">Aunque no da\u00f1a la salud f\u00edsica, la alopecia o p\u00e9rdida del cabello puede tener efectos graves en la calidad de vida y la salud emocional a trav\u00e9s de su impacto en la confianza y la autoestima. La alopecia es una enfermedad de p\u00e9rdida de cabello que afecta a hombres y mujeres.<\/span><\/p>\n<p class=\"tw-data-text tw-text-large tw-ta\" dir=\"ltr\" data-placeholder=\"Traducci\u00f3n\"><span class=\"Y2IQFc\" lang=\"es\"> Generalmente, la p\u00e9rdida del cabello es causado por diferentes factores como enfermedades graves, medicamentos, traumatismos, estr\u00e9s, cambios hormonales, factores ambientales y gen\u00e9ticos. El adelgazamiento del cabello y la calvicie son condiciones comunes y, aunque son m\u00e1s frecuentes en las generaciones mayores, la p\u00e9rdida de cabello puede desencadenarse en cualquier momento de nuestra vida.<\/span><\/p>\n<p class=\"tw-data-text tw-text-large tw-ta\" dir=\"ltr\" data-placeholder=\"Traducci\u00f3n\"><span class=\"Y2IQFc\" lang=\"es\"> La gen\u00e9tica juega un papel importante en la susceptibilidad de una persona a la p\u00e9rdida de cabello. El estr\u00e9s oxidativo tambi\u00e9n es problem\u00e1tico, ya que causa da\u00f1o celular que puede desencadenar la ca\u00edda del cabello. Las fluctuaciones hormonales pueden aumentar los andr\u00f3genos, lo que contribuye a\u00fan m\u00e1s a la ca\u00edda del cabello.<\/span><\/p>\n<p>[\/vc_column_text][vc_empty_space][\/vc_column][\/vc_row][vc_row][vc_column width=&#8221;1\/4&#8243;][vc_single_image image=&#8221;42888&#8243; img_size=&#8221;full&#8221;][\/vc_column][vc_column width=&#8221;3\/4&#8243;][vc_column_text css=&#8221;.vc_custom_1647457704549{margin-bottom: 0px !important;padding-bottom: 0px !important;}&#8221;]<\/p>\n<h3><strong><span style=\"color: #ffad00; text-transform: none;\">\u00bfEn qu\u00e9 consiste la mesoterapia capilar?\u00a0<\/span><\/strong><\/h3>\n<p>[\/vc_column_text][vc_column_text css=&#8221;.vc_custom_1647462055943{margin-bottom: 0px !important;padding-bottom: 0px !important;}&#8221;]La mesoterapia capilar es uno de los tratamientos m\u00e1s eficaces para combatir la ca\u00edda del cabello. Esta t\u00e9cnica consiste en penetrar un complejo de principios activos antioxidantes y vitam\u00ednicos en el cuero cabelludo a trav\u00e9s de microinyecciones, los cuales permiten la oxigenaci\u00f3n y fortalecimiento del fol\u00edculo piloso.[\/vc_column_text][vc_empty_space][\/vc_column][\/vc_row][vc_row equal_height=&#8221;yes&#8221;][vc_column][vc_column_text css=&#8221;.vc_custom_1647459055819{margin-bottom: 0px !important;padding-bottom: 0px !important;}&#8221;]<\/p>\n<h3><strong><span style=\"color: #ffad00; text-transform: none;\">\u00bfQu\u00e9 compuesto se utiliza en la mesoterapia capilar?\u00a0<\/span><\/strong><\/h3>\n<p>[\/vc_column_text][vc_row_inner equal_height=&#8221;yes&#8221;][vc_column_inner width=&#8221;1\/4&#8243;][vc_single_image image=&#8221;42887&#8243; img_size=&#8221;full&#8221;][\/vc_column_inner][vc_column_inner width=&#8221;3\/4&#8243;][vc_column_text css=&#8221;.vc_custom_1647459870077{padding-top: 10px !important;}&#8221;]<\/p>\n<p id=\"tw-target-text\" class=\"tw-data-text tw-text-large tw-ta\" dir=\"ltr\" data-placeholder=\"Traducci\u00f3n\"><span class=\"Y2IQFc\" lang=\"es\">La formulaci\u00f3n <strong>Md:Complex Hair-Revit<\/strong> incluye una alta concentraci\u00f3n de amino\u00e1cidos, vitaminas y minerales clave necesarios para apoyar el crecimiento y la protecci\u00f3n del cabello, fortaleciendo los fol\u00edculos y minimizando la p\u00e9rdida y el adelgazamiento del cabello. <\/span><\/p>\n<p class=\"tw-data-text tw-text-large tw-ta\" dir=\"ltr\" data-placeholder=\"Traducci\u00f3n\"><span class=\"Y2IQFc\" lang=\"es\">Los principios activos esenciales luchan contra los principales factores implicados en la aparici\u00f3n de la alopecia. Md:Complex Hair-Revit aumenta el suministro de sangre a los fol\u00edculos pilosos, refuerza la estructura y densidad del cabello, revitaliza y nutre el cuero cabelludo, previene la dermatitis seborreica, previene el envejecimiento de fol\u00edculo piloso y estimula el crecimiento saludable del cabello con mejor textura, calidad y brillo natural.<\/span><\/p>\n<h3 dir=\"ltr\" data-placeholder=\"Traducci\u00f3n\">\u00bfCu\u00e1nto tiempo dura el tratamiento?<\/h3>\n<p dir=\"ltr\" data-placeholder=\"Traducci\u00f3n\">El tratamiento de mesoterapia capilar con <span class=\"Y2IQFc\" lang=\"es\">Md:Complex Hair-Revit <\/span> se aplica en <strong>3 sesiones, una cada 15 d\u00edas<\/strong>, o bien, luego de las primeras sesiones, cada mes para aumentar su efectividad.<\/p>\n<p>[\/vc_column_text][\/vc_column_inner][\/vc_row_inner][vc_empty_space][\/vc_column][\/vc_row][vc_row equal_height=&#8221;yes&#8221;][vc_column][vc_column_text css=&#8221;.vc_custom_1647460875346{margin-bottom: 0px !important;padding-bottom: 0px !important;}&#8221;]<\/p>\n<h3><strong><span style=\"color: #ffad00; text-transform: none;\">\u00bfCu\u00e1les son los resultados esperados?\u00a0<\/span><\/strong><\/h3>\n<p>[\/vc_column_text][vc_row_inner equal_height=&#8221;yes&#8221;][vc_column_inner][vc_column_text]<\/p>\n<ul>\n<li>Se consiguen resultados sesi\u00f3n a sesi\u00f3n, siendo \u00e9stos m\u00e1s visibles a partir de la 4ta aplicaci\u00f3n.<\/li>\n<li>Mayor firmeza del cabello de forma paulatina.<\/li>\n<li>Disminuye la ca\u00edda del cabello.<\/li>\n<li>El cabello se ve m\u00e1s abundante y sano.<\/li>\n<\/ul>\n<p>[\/vc_column_text][vc_single_image image=&#8221;42883&#8243; img_size=&#8221;full&#8221; css=&#8221;.vc_custom_1647461312314{border-top-width: 1px !important;border-right-width: 1px !important;border-bottom-width: 1px !important;border-left-width: 1px !important;border-left-style: none !important;border-right-style: none !important;border-top-style: none !important;border-bottom-style: none !important;}&#8221;][\/vc_column_inner][\/vc_row_inner][\/vc_column][\/vc_row][vc_row][vc_column][vc_column_text css=&#8221;.vc_custom_1647461865402{padding-top: 20px !important;padding-right: 20px !important;padding-bottom: 20px !important;padding-left: 20px !important;background-color: #f2f2f2 !important;}&#8221;]<\/p>\n<div class=\"elementor-element elementor-element-0c24dfc elementor-widget elementor-widget-theme-post-content\" data-id=\"0c24dfc\" data-element_type=\"widget\" data-widget_type=\"theme-post-content.default\">\n<div class=\"elementor-widget-container\">\n<div class=\"vc_row wpb_row vc_row-fluid\">\n<div class=\"wpb_column vc_column_container vc_col-sm-12\">\n<div class=\"vc_column-inner\">\n<div class=\"wpb_wrapper\">\n<div class=\"wpb_text_column wpb_content_element vc_custom_1643749386958\">\n<div class=\"wpb_wrapper\">\n<h4><strong>Si quieres comenzar el tratamiento de mesoterapia capiar para fortalecer y estimular la aparici\u00f3n de nuevos cabellos, agenda aqu\u00ed tu <a href=\"https:\/\/lbmedicalspa.cl\/blog\/agenda-tu-cita-con-agendapro\/\">evaluaci\u00f3n gratuita.<\/a><\/strong><\/h4>\n<\/div>\n<\/div>\n<\/div>\n<\/div>\n<\/div>\n<\/div>\n<\/div>\n<\/div>\n<div class=\"elementor-element elementor-element-7bdb699 elementor-cta--skin-cover elementor-animated-content elementor-bg-transform elementor-bg-transform-zoom-in elementor-widget elementor-widget-call-to-action\" data-id=\"7bdb699\" data-element_type=\"widget\" data-widget_type=\"call-to-action.default\">\n<div class=\"elementor-widget-container\">\n<div class=\"elementor-cta\">\n<div class=\"elementor-cta__bg-wrapper\"><\/div>\n<\/div>\n<\/div>\n<\/div>\n<p>[\/vc_column_text][\/vc_column][\/vc_row]<\/p>\n\n","protected":false},"excerpt":{"rendered":"<p>La mesoterapia capilar es uno de los tratamientos m\u00e1s eficaces para combatir la ca\u00edda del cabello, y puedes notar resultados en tan solo algunos meses. Conoce m\u00e1s.<\/p>\n","protected":false},"author":10,"featured_media":42889,"comment_status":"closed","ping_status":"closed","sticky":false,"template":"","format":"standard","meta":{"nf_dc_page":"","content-type":""},"categories":[450],"tags":[556,567,569,494,568,552],"yoast_head":"<!-- This site is optimized with the Yoast SEO plugin v20.5 - https:\/\/yoast.com\/wordpress\/plugins\/seo\/ -->\n<title>Mesoterapia capilar: previene la ca\u00edda del cabello - Cl\u00ednica LB Medical SPA<\/title>\n<meta name=\"robots\" content=\"index, follow, max-snippet:-1, max-image-preview:large, max-video-preview:-1\" \/>\n<link rel=\"canonical\" href=\"https:\/\/lbmedicalspa.cl\/blog\/mesoterapia-capilar-previene-la-caida-del-cabello\/\" \/>\n<meta property=\"og:locale\" content=\"es_ES\" \/>\n<meta property=\"og:type\" content=\"article\" \/>\n<meta property=\"og:title\" content=\"Mesoterapia capilar: previene la ca\u00edda del cabello - Cl\u00ednica LB Medical SPA\" \/>\n<meta property=\"og:description\" content=\"La mesoterapia capilar es uno de los tratamientos m\u00e1s eficaces para combatir la ca\u00edda del cabello, y puedes notar resultados en tan solo algunos meses. Conoce m\u00e1s.\" \/>\n<meta property=\"og:url\" content=\"https:\/\/lbmedicalspa.cl\/blog\/mesoterapia-capilar-previene-la-caida-del-cabello\/\" \/>\n<meta property=\"og:site_name\" content=\"Cl\u00ednica LB Medical SPA\" \/>\n<meta property=\"article:published_time\" content=\"2022-03-15T20:22:10+00:00\" \/>\n<meta property=\"article:modified_time\" content=\"2022-03-22T15:04:30+00:00\" \/>\n<meta property=\"og:image\" content=\"https:\/\/lbmedicalspa.cl\/blog\/wp-content\/uploads\/2022\/03\/Mesoterapia-capilar-previene-la-cai\u0301da-del-cabello-3.jpg\" \/>\n\t<meta property=\"og:image:width\" content=\"1920\" \/>\n\t<meta property=\"og:image:height\" content=\"1080\" \/>\n\t<meta property=\"og:image:type\" content=\"image\/jpeg\" \/>\n<meta name=\"author\" content=\"Lilian Bonilla\" \/>\n<meta name=\"twitter:card\" content=\"summary_large_image\" \/>\n<meta name=\"twitter:label1\" content=\"Escrito por\" \/>\n\t<meta name=\"twitter:data1\" content=\"Lilian Bonilla\" \/>\n\t<meta name=\"twitter:label2\" content=\"Tiempo de lectura\" \/>\n\t<meta name=\"twitter:data2\" content=\"4 minutos\" \/>\n<!-- \/ Yoast SEO plugin. -->","yoast_head_json":{"title":"Mesoterapia capilar: previene la ca\u00edda del cabello - Cl\u00ednica LB Medical SPA","robots":{"index":"index","follow":"follow","max-snippet":"max-snippet:-1","max-image-preview":"max-image-preview:large","max-video-preview":"max-video-preview:-1"},"canonical":"https:\/\/lbmedicalspa.cl\/blog\/mesoterapia-capilar-previene-la-caida-del-cabello\/","og_locale":"es_ES","og_type":"article","og_title":"Mesoterapia capilar: previene la ca\u00edda del cabello - Cl\u00ednica LB Medical SPA","og_description":"La mesoterapia capilar es uno de los tratamientos m\u00e1s eficaces para combatir la ca\u00edda del cabello, y puedes notar resultados en tan solo algunos meses. Conoce m\u00e1s.","og_url":"https:\/\/lbmedicalspa.cl\/blog\/mesoterapia-capilar-previene-la-caida-del-cabello\/","og_site_name":"Cl\u00ednica LB Medical SPA","article_published_time":"2022-03-15T20:22:10+00:00","article_modified_time":"2022-03-22T15:04:30+00:00","og_image":[{"width":1920,"height":1080,"url":"https:\/\/lbmedicalspa.cl\/blog\/wp-content\/uploads\/2022\/03\/Mesoterapia-capilar-previene-la-cai\u0301da-del-cabello-3.jpg","type":"image\/jpeg"}],"author":"Lilian Bonilla","twitter_card":"summary_large_image","twitter_misc":{"Escrito por":"Lilian Bonilla","Tiempo de lectura":"4 minutos"},"schema":{"@context":"https:\/\/schema.org","@graph":[{"@type":"Article","@id":"https:\/\/lbmedicalspa.cl\/blog\/mesoterapia-capilar-previene-la-caida-del-cabello\/#article","isPartOf":{"@id":"https:\/\/lbmedicalspa.cl\/blog\/mesoterapia-capilar-previene-la-caida-del-cabello\/"},"author":{"name":"Lilian Bonilla","@id":"https:\/\/lbmedicalspa.cl\/blog\/#\/schema\/person\/da075de94495cb33bb8de6006e1abe08"},"headline":"Mesoterapia capilar: previene la ca\u00edda del cabello","datePublished":"2022-03-15T20:22:10+00:00","dateModified":"2022-03-22T15:04:30+00:00","mainEntityOfPage":{"@id":"https:\/\/lbmedicalspa.cl\/blog\/mesoterapia-capilar-previene-la-caida-del-cabello\/"},"wordCount":776,"publisher":{"@id":"https:\/\/lbmedicalspa.cl\/blog\/#organization"},"keywords":["alopecia","cabello","mesoterapia capilar","mesoterapia corporal","p\u00e9rdida del cabello","salud y belleza"],"articleSection":["Tratamientos corporales"],"inLanguage":"es"},{"@type":"WebPage","@id":"https:\/\/lbmedicalspa.cl\/blog\/mesoterapia-capilar-previene-la-caida-del-cabello\/","url":"https:\/\/lbmedicalspa.cl\/blog\/mesoterapia-capilar-previene-la-caida-del-cabello\/","name":"Mesoterapia capilar: previene la ca\u00edda del cabello - Cl\u00ednica LB Medical SPA","isPartOf":{"@id":"https:\/\/lbmedicalspa.cl\/blog\/#website"},"datePublished":"2022-03-15T20:22:10+00:00","dateModified":"2022-03-22T15:04:30+00:00","inLanguage":"es","potentialAction":[{"@type":"ReadAction","target":["https:\/\/lbmedicalspa.cl\/blog\/mesoterapia-capilar-previene-la-caida-del-cabello\/"]}]},{"@type":"WebSite","@id":"https:\/\/lbmedicalspa.cl\/blog\/#website","url":"https:\/\/lbmedicalspa.cl\/blog\/","name":"Cl\u00ednica LB Medical SPA","description":"Medicina Est\u00e9tica, Antiage y Depilaci\u00f3n L\u00e1ser","publisher":{"@id":"https:\/\/lbmedicalspa.cl\/blog\/#organization"},"potentialAction":[{"@type":"SearchAction","target":{"@type":"EntryPoint","urlTemplate":"https:\/\/lbmedicalspa.cl\/blog\/?s={search_term_string}"},"query-input":"required name=search_term_string"}],"inLanguage":"es"},{"@type":"Organization","@id":"https:\/\/lbmedicalspa.cl\/blog\/#organization","name":"Cl\u00ednica LB Medical SPA","url":"https:\/\/lbmedicalspa.cl\/blog\/","logo":{"@type":"ImageObject","inLanguage":"es","@id":"https:\/\/lbmedicalspa.cl\/blog\/#\/schema\/logo\/image\/","url":"https:\/\/lbmedicalspa.cl\/blog\/wp-content\/uploads\/2021\/07\/clinica-lb-medical-spa-60x142-1.png","contentUrl":"https:\/\/lbmedicalspa.cl\/blog\/wp-content\/uploads\/2021\/07\/clinica-lb-medical-spa-60x142-1.png","width":142,"height":60,"caption":"Cl\u00ednica LB Medical SPA"},"image":{"@id":"https:\/\/lbmedicalspa.cl\/blog\/#\/schema\/logo\/image\/"}},{"@type":"Person","@id":"https:\/\/lbmedicalspa.cl\/blog\/#\/schema\/person\/da075de94495cb33bb8de6006e1abe08","name":"Lilian Bonilla","sameAs":["https:\/\/lbmedicalspa.cl\/blog"],"url":"https:\/\/lbmedicalspa.cl\/blog\/author\/lilian\/"}]}},"_links":{"self":[{"href":"https:\/\/lbmedicalspa.cl\/blog\/wp-json\/wp\/v2\/posts\/42881"}],"collection":[{"href":"https:\/\/lbmedicalspa.cl\/blog\/wp-json\/wp\/v2\/posts"}],"about":[{"href":"https:\/\/lbmedicalspa.cl\/blog\/wp-json\/wp\/v2\/types\/post"}],"author":[{"embeddable":true,"href":"https:\/\/lbmedicalspa.cl\/blog\/wp-json\/wp\/v2\/users\/10"}],"replies":[{"embeddable":true,"href":"https:\/\/lbmedicalspa.cl\/blog\/wp-json\/wp\/v2\/comments?post=42881"}],"version-history":[{"count":5,"href":"https:\/\/lbmedicalspa.cl\/blog\/wp-json\/wp\/v2\/posts\/42881\/revisions"}],"predecessor-version":[{"id":42899,"href":"https:\/\/lbmedicalspa.cl\/blog\/wp-json\/wp\/v2\/posts\/42881\/revisions\/42899"}],"wp:featuredmedia":[{"embeddable":true,"href":"https:\/\/lbmedicalspa.cl\/blog\/wp-json\/wp\/v2\/media\/42889"}],"wp:attachment":[{"href":"https:\/\/lbmedicalspa.cl\/blog\/wp-json\/wp\/v2\/media?parent=42881"}],"wp:term":[{"taxonomy":"category","embeddable":true,"href":"https:\/\/lbmedicalspa.cl\/blog\/wp-json\/wp\/v2\/categories?post=42881"},{"taxonomy":"post_tag","embeddable":true,"href":"https:\/\/lbmedicalspa.cl\/blog\/wp-json\/wp\/v2\/tags?post=42881"}],"curies":[{"name":"wp","href":"https:\/\/api.w.org\/{rel}","templated":true}]}}