{"id":42546,"date":"2022-01-15T14:19:09","date_gmt":"2022-01-15T17:19:09","guid":{"rendered":"https:\/\/lbmedicalspa.cl\/blog\/?p=42546"},"modified":"2022-01-15T14:19:09","modified_gmt":"2022-01-15T17:19:09","slug":"cuando-vere-los-resultados-de-radiofrecuencia-intensif-corporal","status":"publish","type":"post","link":"https:\/\/lbmedicalspa.cl\/blog\/cuando-vere-los-resultados-de-radiofrecuencia-intensif-corporal\/","title":{"rendered":"Cu\u00e1ndo ver los resultados de radiofrecuencia intensif corporal"},"content":{"rendered":"<p>[vc_row][vc_column][vc_single_image image=&#8221;42547&#8243; img_size=&#8221;full&#8221; alignment=&#8221;center&#8221;][\/vc_column][\/vc_row][vc_row][vc_column][vc_column_text css=&#8221;.vc_custom_1642258244768{margin-bottom: 0px !important;padding-bottom: 0px !important;}&#8221;]La radiofrecuencia corporal con microagujas es uno de los tratamientos m\u00e1s innovadores en el rejuvenecimiento fraccional, tensado y remodelaci\u00f3n de la piel que se puede lograr hoy en d\u00eda. Sin embargo, su recuperaci\u00f3n puede tardar hasta el <strong>doble del tiempo<\/strong> que demora el mismo tratamiento en el rostro.[\/vc_column_text][vc_column_text css=&#8221;.vc_custom_1642263477288{padding-top: 10px !important;}&#8221;]<\/p>\n<p class=\"tw-data-text tw-text-large XcVN5d tw-ta\" dir=\"ltr\" data-placeholder=\"Traducci\u00f3n\">En este blog te contamos qu\u00e9 es la radiofrecuencia intensif y el proceso de recuperaci\u00f3n en el cuerpo.<\/p>\n<p>[\/vc_column_text][\/vc_column][\/vc_row][vc_row equal_height=&#8221;yes&#8221;][vc_column][vc_column_text css=&#8221;.vc_custom_1642263494592{margin-bottom: 0px !important;padding-bottom: 0px !important;}&#8221;]<\/p>\n<h3><strong><span style=\"color: #ffad00; text-transform: none;\">\u00bfQu\u00e9 es la radiofrecuencia intensif?<\/span><\/strong><\/h3>\n<p>[\/vc_column_text][vc_row_inner equal_height=&#8221;yes&#8221;][vc_column_inner width=&#8221;1\/4&#8243;][vc_single_image image=&#8221;42548&#8243; img_size=&#8221;full&#8221;][\/vc_column_inner][vc_column_inner width=&#8221;3\/4&#8243;][vc_column_text]Este procedimiento proporciona calor de forma uniforme dentro de la dermis, y de esta forma, logra <strong>eliminar la grasa, tonificar y reducir la flacidez y celulitis del cuerpo de forma segura y sin dolor<\/strong>, ya que se aplica anest\u00e9sico local.<\/p>\n<p>El procedimiento de radiofrecuencia Intensif de Endymeed es uno de los tratamientos de radiofrecuencia con <strong>microagujas<\/strong> m\u00e1s innovadores en el rejuvenecimiento fraccional que se puede lograr hoy en d\u00eda. Los resultados de esta tecnolog\u00eda est\u00e1n comprobados cient\u00edficamente, lo cual lo transforma en un procedimiento <strong>efectivo y seguro<\/strong> para todo tipo de piel, adem\u00e1s de no provocar sangrado o hematomas.<\/p>\n<p>La pieza de mano contiene <strong>microagujas con punta de oro<\/strong> que otorgan una profunda, volum\u00e9trica y completa curaci\u00f3n d\u00e9rmica con remodelaci\u00f3n de col\u00e1geno sin da\u00f1o epid\u00e9rmico. Tiene una profundidad de 5 mm y no tiene riesgo de causar manchas en la piel.<\/p>\n<p>El tratamiento de\u00a0<strong>Endymed Intensif se aplica en cuello, muslos, abdomen, gl\u00fateos, brazos y abdomen.<\/strong>[\/vc_column_text][\/vc_column_inner][\/vc_row_inner][\/vc_column][\/vc_row][vc_row equal_height=&#8221;yes&#8221;][vc_column][vc_column_text css=&#8221;.vc_custom_1642265008175{margin-bottom: 0px !important;padding-bottom: 0px !important;}&#8221;]<\/p>\n<h3><strong><span style=\"color: #ffad00; text-transform: none;\">D\u00eda 1 a 14 post tratamiento Radiofrecuencia Intensif<\/span><\/strong><\/h3>\n<p>[\/vc_column_text][vc_row_inner equal_height=&#8221;yes&#8221;][vc_column_inner width=&#8221;1\/4&#8243;][vc_single_image image=&#8221;42549&#8243; img_size=&#8221;full&#8221; css=&#8221;.vc_custom_1642266148803{border-top-width: 1px !important;border-right-width: 1px !important;border-bottom-width: 1px !important;border-left-width: 1px !important;border-left-style: none !important;border-right-style: none !important;border-top-style: none !important;border-bottom-style: none !important;}&#8221;][\/vc_column_inner][vc_column_inner width=&#8221;3\/4&#8243;][vc_column_text]<strong>D\u00eda 1:<\/strong><\/p>\n<ul>\n<li><strong>Antes y durante la sesi\u00f3n: <\/strong>Para preparar la piel, una hora antes del tratamiento se aplica anestesia en el \u00e1rea a trabajar. Una vez ya insensibilizada, se comienza con el procedimiento cuya duraci\u00f3n es de 30 minutos, aproximadamente.<\/li>\n<li><strong>Post tratamiento:\u00a0<\/strong>Luego del tratamiento, tu piel estar\u00e1 enrojecida y con una leve sensaci\u00f3n de ardor por aproximadamente 4 horas. Es por esto que se recomienda no exponerse al sol y no realizar movimientos que impliquen sudar.<\/li>\n<\/ul>\n<p><strong>D\u00eda 2 al 10:<\/strong><\/p>\n<ul>\n<li>Notar\u00e1s que tu piel se est\u00e1 renovando y transformando.<\/li>\n<li>Desde el d\u00eda 7, tu piel lucir\u00e1 \u00e1spera y escamosa, pero este es parte del proceso normal del tratamiento.<\/li>\n<\/ul>\n<p><strong>D\u00eda 10 al 14:<\/strong><\/p>\n<ul>\n<li>Para eliminar el exceso de piel muerta, es necesario realizar una exfoliaci\u00f3n suave. \u00a1Y a partir desde este d\u00eda ya podr\u00e1s ver los resultados! Una piel m\u00e1s firme, sin celulitis y estr\u00edas.<\/li>\n<\/ul>\n<p>[\/vc_column_text][\/vc_column_inner][\/vc_row_inner][\/vc_column][\/vc_row][vc_row equal_height=&#8221;yes&#8221;][vc_column][vc_column_text css=&#8221;.vc_custom_1642266215524{margin-bottom: 0px !important;padding-bottom: 0px !important;}&#8221;]<\/p>\n<h3><strong><span style=\"color: #ffad00; text-transform: none;\">Recomendaciones:<\/span><\/strong><\/h3>\n<p>[\/vc_column_text][vc_row_inner equal_height=&#8221;yes&#8221;][vc_column_inner width=&#8221;1\/4&#8243;][vc_single_image image=&#8221;42550&#8243; img_size=&#8221;full&#8221; css=&#8221;.vc_custom_1642266656412{border-top-width: 1px !important;border-right-width: 1px !important;border-bottom-width: 1px !important;border-left-width: 1px !important;border-left-style: none !important;border-right-style: none !important;border-top-style: none !important;border-bottom-style: none !important;}&#8221;][\/vc_column_inner][vc_column_inner width=&#8221;3\/4&#8243;][vc_column_text]<\/p>\n<ul>\n<li>Como la piel estar\u00e1 m\u00e1s sensible y enrojecida, es de suma importancia que utilices un <strong>factor de protector solar +30 o +50<\/strong> para protegerte de los rayos UV y evitar pigmentaciones en las \u00e1reas tratadas.<\/li>\n<li>Durante las primeras 24 a 48 horas, se recomienda aplicar <strong>compresas fr\u00edas<\/strong> para calmar la sensaci\u00f3n de ardor.<\/li>\n<li>Adem\u00e1s, utiliza limpiadores o jabones suaves para limpiar la zona.<\/li>\n<\/ul>\n<p>[\/vc_column_text][\/vc_column_inner][\/vc_row_inner][\/vc_column][\/vc_row][vc_row][vc_column][vc_column_text css=&#8221;.vc_custom_1642266818289{padding-top: 20px !important;padding-right: 20px !important;padding-bottom: 20px !important;padding-left: 20px !important;background-color: #f2f2f2 !important;}&#8221;]<strong>Para ver mejores resultados, te recomendamos repetir el tratamiento una vez al mes, durante los primeros 3 meses. Si quieres comenzar desde ya, <a href=\"https:\/\/lbmedicalspa.cl\/blog\/agenda-tu-cita-con-agendapro\/\">agenda tu evaluaci\u00f3n aqu\u00ed.\u00a0<\/a><\/strong>[\/vc_column_text][\/vc_column][\/vc_row]<\/p>\n\n","protected":false},"excerpt":{"rendered":"<p>La radiofrecuencia Intensif corporal es uno de los tratamientos m\u00e1s eficaez para eliminar la flacidez, pero sus resultados no son tan inmediatos. Aqu\u00ed te explicamos.<\/p>\n","protected":false},"author":10,"featured_media":42551,"comment_status":"closed","ping_status":"closed","sticky":false,"template":"","format":"standard","meta":{"nf_dc_page":"","content-type":""},"categories":[450],"tags":[453,397,532,379,495,396,382,452,398],"yoast_head":"<!-- This site is optimized with the Yoast SEO plugin v20.5 - https:\/\/yoast.com\/wordpress\/plugins\/seo\/ -->\n<title>Cu\u00e1ndo ver los resultados de radiofrecuencia intensif corporal - Cl\u00ednica LB Medical SPA<\/title>\n<meta name=\"robots\" content=\"index, follow, max-snippet:-1, max-image-preview:large, max-video-preview:-1\" \/>\n<link rel=\"canonical\" href=\"https:\/\/lbmedicalspa.cl\/blog\/cuando-vere-los-resultados-de-radiofrecuencia-intensif-corporal\/\" \/>\n<meta property=\"og:locale\" content=\"es_ES\" \/>\n<meta property=\"og:type\" content=\"article\" \/>\n<meta property=\"og:title\" content=\"Cu\u00e1ndo ver los resultados de radiofrecuencia intensif corporal - Cl\u00ednica LB Medical SPA\" \/>\n<meta property=\"og:description\" content=\"La radiofrecuencia Intensif corporal es uno de los tratamientos m\u00e1s eficaez para eliminar la flacidez, pero sus resultados no son tan inmediatos. Aqu\u00ed te explicamos.\" \/>\n<meta property=\"og:url\" content=\"https:\/\/lbmedicalspa.cl\/blog\/cuando-vere-los-resultados-de-radiofrecuencia-intensif-corporal\/\" \/>\n<meta property=\"og:site_name\" content=\"Cl\u00ednica LB Medical SPA\" \/>\n<meta property=\"article:published_time\" content=\"2022-01-15T17:19:09+00:00\" \/>\n<meta property=\"og:image\" content=\"https:\/\/lbmedicalspa.cl\/blog\/wp-content\/uploads\/2022\/01\/Todo-lo-que-tienes-que-saber-sobre-el-a\u0301cido-hialuro\u0301nico-7.jpg\" \/>\n\t<meta property=\"og:image:width\" content=\"1920\" \/>\n\t<meta property=\"og:image:height\" content=\"1080\" \/>\n\t<meta property=\"og:image:type\" content=\"image\/jpeg\" \/>\n<meta name=\"author\" content=\"Lilian Bonilla\" \/>\n<meta name=\"twitter:card\" content=\"summary_large_image\" \/>\n<meta name=\"twitter:label1\" content=\"Escrito por\" \/>\n\t<meta name=\"twitter:data1\" content=\"Lilian Bonilla\" \/>\n\t<meta name=\"twitter:label2\" content=\"Tiempo de lectura\" \/>\n\t<meta name=\"twitter:data2\" content=\"4 minutos\" \/>\n<!-- \/ Yoast SEO plugin. -->","yoast_head_json":{"title":"Cu\u00e1ndo ver los resultados de radiofrecuencia intensif corporal - Cl\u00ednica LB Medical SPA","robots":{"index":"index","follow":"follow","max-snippet":"max-snippet:-1","max-image-preview":"max-image-preview:large","max-video-preview":"max-video-preview:-1"},"canonical":"https:\/\/lbmedicalspa.cl\/blog\/cuando-vere-los-resultados-de-radiofrecuencia-intensif-corporal\/","og_locale":"es_ES","og_type":"article","og_title":"Cu\u00e1ndo ver los resultados de radiofrecuencia intensif corporal - Cl\u00ednica LB Medical SPA","og_description":"La radiofrecuencia Intensif corporal es uno de los tratamientos m\u00e1s eficaez para eliminar la flacidez, pero sus resultados no son tan inmediatos. Aqu\u00ed te explicamos.","og_url":"https:\/\/lbmedicalspa.cl\/blog\/cuando-vere-los-resultados-de-radiofrecuencia-intensif-corporal\/","og_site_name":"Cl\u00ednica LB Medical SPA","article_published_time":"2022-01-15T17:19:09+00:00","og_image":[{"width":1920,"height":1080,"url":"https:\/\/lbmedicalspa.cl\/blog\/wp-content\/uploads\/2022\/01\/Todo-lo-que-tienes-que-saber-sobre-el-a\u0301cido-hialuro\u0301nico-7.jpg","type":"image\/jpeg"}],"author":"Lilian Bonilla","twitter_card":"summary_large_image","twitter_misc":{"Escrito por":"Lilian Bonilla","Tiempo de lectura":"4 minutos"},"schema":{"@context":"https:\/\/schema.org","@graph":[{"@type":"Article","@id":"https:\/\/lbmedicalspa.cl\/blog\/cuando-vere-los-resultados-de-radiofrecuencia-intensif-corporal\/#article","isPartOf":{"@id":"https:\/\/lbmedicalspa.cl\/blog\/cuando-vere-los-resultados-de-radiofrecuencia-intensif-corporal\/"},"author":{"name":"Lilian Bonilla","@id":"https:\/\/lbmedicalspa.cl\/blog\/#\/schema\/person\/da075de94495cb33bb8de6006e1abe08"},"headline":"Cu\u00e1ndo ver los resultados de radiofrecuencia intensif corporal","datePublished":"2022-01-15T17:19:09+00:00","dateModified":"2022-01-15T17:19:09+00:00","mainEntityOfPage":{"@id":"https:\/\/lbmedicalspa.cl\/blog\/cuando-vere-los-resultados-de-radiofrecuencia-intensif-corporal\/"},"wordCount":829,"publisher":{"@id":"https:\/\/lbmedicalspa.cl\/blog\/#organization"},"keywords":["bajar de peso","Cuerpo","cuidado de la piel","Cuidados de la piel","eliminar grasa","Flacidez","Piel","Radiofrecuencia","Tonificar"],"articleSection":["Tratamientos corporales"],"inLanguage":"es"},{"@type":"WebPage","@id":"https:\/\/lbmedicalspa.cl\/blog\/cuando-vere-los-resultados-de-radiofrecuencia-intensif-corporal\/","url":"https:\/\/lbmedicalspa.cl\/blog\/cuando-vere-los-resultados-de-radiofrecuencia-intensif-corporal\/","name":"Cu\u00e1ndo ver los resultados de radiofrecuencia intensif corporal - Cl\u00ednica LB Medical SPA","isPartOf":{"@id":"https:\/\/lbmedicalspa.cl\/blog\/#website"},"datePublished":"2022-01-15T17:19:09+00:00","dateModified":"2022-01-15T17:19:09+00:00","inLanguage":"es","potentialAction":[{"@type":"ReadAction","target":["https:\/\/lbmedicalspa.cl\/blog\/cuando-vere-los-resultados-de-radiofrecuencia-intensif-corporal\/"]}]},{"@type":"WebSite","@id":"https:\/\/lbmedicalspa.cl\/blog\/#website","url":"https:\/\/lbmedicalspa.cl\/blog\/","name":"Cl\u00ednica LB Medical SPA","description":"Medicina Est\u00e9tica, Antiage y Depilaci\u00f3n L\u00e1ser","publisher":{"@id":"https:\/\/lbmedicalspa.cl\/blog\/#organization"},"potentialAction":[{"@type":"SearchAction","target":{"@type":"EntryPoint","urlTemplate":"https:\/\/lbmedicalspa.cl\/blog\/?s={search_term_string}"},"query-input":"required name=search_term_string"}],"inLanguage":"es"},{"@type":"Organization","@id":"https:\/\/lbmedicalspa.cl\/blog\/#organization","name":"Cl\u00ednica LB Medical SPA","url":"https:\/\/lbmedicalspa.cl\/blog\/","logo":{"@type":"ImageObject","inLanguage":"es","@id":"https:\/\/lbmedicalspa.cl\/blog\/#\/schema\/logo\/image\/","url":"https:\/\/lbmedicalspa.cl\/blog\/wp-content\/uploads\/2021\/07\/clinica-lb-medical-spa-60x142-1.png","contentUrl":"https:\/\/lbmedicalspa.cl\/blog\/wp-content\/uploads\/2021\/07\/clinica-lb-medical-spa-60x142-1.png","width":142,"height":60,"caption":"Cl\u00ednica LB Medical SPA"},"image":{"@id":"https:\/\/lbmedicalspa.cl\/blog\/#\/schema\/logo\/image\/"}},{"@type":"Person","@id":"https:\/\/lbmedicalspa.cl\/blog\/#\/schema\/person\/da075de94495cb33bb8de6006e1abe08","name":"Lilian Bonilla","sameAs":["https:\/\/lbmedicalspa.cl\/blog"],"url":"https:\/\/lbmedicalspa.cl\/blog\/author\/lilian\/"}]}},"_links":{"self":[{"href":"https:\/\/lbmedicalspa.cl\/blog\/wp-json\/wp\/v2\/posts\/42546"}],"collection":[{"href":"https:\/\/lbmedicalspa.cl\/blog\/wp-json\/wp\/v2\/posts"}],"about":[{"href":"https:\/\/lbmedicalspa.cl\/blog\/wp-json\/wp\/v2\/types\/post"}],"author":[{"embeddable":true,"href":"https:\/\/lbmedicalspa.cl\/blog\/wp-json\/wp\/v2\/users\/10"}],"replies":[{"embeddable":true,"href":"https:\/\/lbmedicalspa.cl\/blog\/wp-json\/wp\/v2\/comments?post=42546"}],"version-history":[{"count":0,"href":"https:\/\/lbmedicalspa.cl\/blog\/wp-json\/wp\/v2\/posts\/42546\/revisions"}],"wp:featuredmedia":[{"embeddable":true,"href":"https:\/\/lbmedicalspa.cl\/blog\/wp-json\/wp\/v2\/media\/42551"}],"wp:attachment":[{"href":"https:\/\/lbmedicalspa.cl\/blog\/wp-json\/wp\/v2\/media?parent=42546"}],"wp:term":[{"taxonomy":"category","embeddable":true,"href":"https:\/\/lbmedicalspa.cl\/blog\/wp-json\/wp\/v2\/categories?post=42546"},{"taxonomy":"post_tag","embeddable":true,"href":"https:\/\/lbmedicalspa.cl\/blog\/wp-json\/wp\/v2\/tags?post=42546"}],"curies":[{"name":"wp","href":"https:\/\/api.w.org\/{rel}","templated":true}]}}