{"id":42535,"date":"2022-01-11T19:42:33","date_gmt":"2022-01-11T22:42:33","guid":{"rendered":"https:\/\/lbmedicalspa.cl\/blog\/?p=42535"},"modified":"2022-01-11T19:42:33","modified_gmt":"2022-01-11T22:42:33","slug":"como-cambia-tu-piel-a-medida-que-envejeces","status":"publish","type":"post","link":"https:\/\/lbmedicalspa.cl\/blog\/como-cambia-tu-piel-a-medida-que-envejeces\/","title":{"rendered":"C\u00f3mo cambia tu piel a medida que envejeces"},"content":{"rendered":"<p>[vc_row][vc_column][vc_single_image image=&#8221;42536&#8243; img_size=&#8221;full&#8221; alignment=&#8221;center&#8221;][\/vc_column][\/vc_row][vc_row][vc_column][vc_column_text css=&#8221;.vc_custom_1641937611334{margin-bottom: 0px !important;padding-bottom: 0px !important;}&#8221;]<\/p>\n<h2 style=\"color: #7a7a7a; font-size: 20px; font-weight: normal; line-height: 42px; text-transform: none;\">Conversamos con nuestra experta en el cuidado de la piel, <a href=\"https:\/\/lbmedicalspa.cl\/blog\/equipo\/cosmetologa-mariela-baeza\/\">Mariela Baeza Garay<\/a>, cosmet\u00f3loga con m\u00e1s de 24 a\u00f1os de experiencia en el \u00e1rea del cuidado de la piel, para conocer c\u00f3mo cambia nuestra piel a medida que envejecemos, y c\u00f3mo cambiar la rutina facial a los 30, 40 y 50 a\u00f1os.<\/h2>\n<p>[\/vc_column_text][vc_column_text css=&#8221;.vc_custom_1641940817544{padding-top: 10px !important;}&#8221;]<\/p>\n<p class=\"tw-data-text tw-text-large XcVN5d tw-ta\" dir=\"ltr\" data-placeholder=\"Traducci\u00f3n\">\u00bfLos productos en tu piel ya no son suficientes a medida que pasan los a\u00f1os? En este blog te explicamos qu\u00e9 pasa a nivel fisiol\u00f3gico y qu\u00e9 productos debes incorporar a tu rutina facial para satisfacer las necesidades de tu piel.<\/p>\n<p>[\/vc_column_text][\/vc_column][\/vc_row][vc_row equal_height=&#8221;yes&#8221;][vc_column][vc_column_text css=&#8221;.vc_custom_1641937742294{margin-bottom: 0px !important;padding-bottom: 0px !important;}&#8221;]<\/p>\n<h3><strong><span style=\"color: #ffad00; text-transform: none;\">Mi piel a los 30 a\u00f1os:<\/span><\/strong><\/h3>\n<p>[\/vc_column_text][vc_row_inner equal_height=&#8221;yes&#8221;][vc_column_inner width=&#8221;1\/4&#8243;][vc_single_image image=&#8221;42537&#8243; img_size=&#8221;full&#8221;][\/vc_column_inner][vc_column_inner width=&#8221;3\/4&#8243;][vc_column_text]<strong>\u00bfQu\u00e9 pasa en mi piel?<\/strong><\/p>\n<ul>\n<li>La apariencia tersa y luminosa de la piel comienza a decaer a partir de los 30 a\u00f1os, debido al debilitamiento de la renovaci\u00f3n celular, lo cual provoca p\u00e9rdida de humedad y elasticidad.<\/li>\n<li>Es por esto que puedes notar una piel m\u00e1s opaca, deshidratada y tambi\u00e9n la aparici\u00f3n de l\u00edneas finas y arrugas, as\u00ed como tambi\u00e9n manchas y resequedad.<\/li>\n<\/ul>\n<p><strong>Recomendaciones dermatol\u00f3gicas:<\/strong><\/p>\n<p><span class=\"JsGRdQ\">Nuestra cosmet\u00f3loga recomienda realizar un peeling o exfoliaci\u00f3n una vez a la semana, para renovar las c\u00e9lulas de la piel del rostro y eliminar todo tipo de impurezas. Idealmente, utiliza serums con <a href=\"https:\/\/lbmedicalspa.cl\/blog\/producto\/c-e-ferulic-30ml-antioxidantes\/\">\u00e1cido fer\u00falico<\/a>, \u00e1cido glic\u00f3lico y \u00e1cido c\u00edtrico. La combinaci\u00f3n de estos ayudar\u00e1 a regular la producci\u00f3n de sebo, adem\u00e1s de tener propiedades antiinflamatorias y antibacterianas.\u00a0<\/span><\/p>\n<p><span class=\"JsGRdQ\">Luego de la <a href=\"https:\/\/lbmedicalspa.cl\/blog\/producto\/gentle-cleanser-limpiador-facial\/\">limpieza facial<\/a> de d\u00eda, utiliza crema hidratante y <a href=\"https:\/\/lbmedicalspa.cl\/blog\/producto\/advanced-brightening-uv-defense-sunscreen-spf-50-40-ml\/\">protector solar +30 o +50<\/a>. Por la noche, aplica y crema de noche con retinol para estimular la producci\u00f3n del col\u00e1geno.<\/span>[\/vc_column_text][\/vc_column_inner][\/vc_row_inner][\/vc_column][\/vc_row][vc_row equal_height=&#8221;yes&#8221;][vc_column][vc_column_text css=&#8221;.vc_custom_1641938994514{margin-bottom: 0px !important;padding-bottom: 0px !important;}&#8221;]<\/p>\n<h3><strong><span style=\"color: #ffad00; text-transform: none;\">Mi piel a los 40 a\u00f1os:<\/span><\/strong><\/h3>\n<p>[\/vc_column_text][vc_row_inner equal_height=&#8221;yes&#8221;][vc_column_inner width=&#8221;1\/4&#8243;][vc_single_image image=&#8221;42538&#8243; img_size=&#8221;full&#8221; css=&#8221;.vc_custom_1641939728677{border-top-width: 1px !important;border-right-width: 1px !important;border-bottom-width: 1px !important;border-left-width: 1px !important;border-left-style: none !important;border-right-style: none !important;border-top-style: none !important;border-bottom-style: none !important;}&#8221;][\/vc_column_inner][vc_column_inner width=&#8221;3\/4&#8243;][vc_column_text]<b>\u00bfQu\u00e9 pasa en mi piel?<\/b><\/p>\n<p><span class=\"JsGRdQ\">Adem\u00e1s de los signos descritos anteriormente, el <\/span><span class=\"JsGRdQ\">fotoenvejecimiento<\/span><span class=\"JsGRdQ\"> de la piel es m\u00e1s notorio. Esto lo podemos observar en las l\u00edneas de expresi\u00f3n m\u00e1s marcadas, manchas\u00a0 oscuras producto de la exposici\u00f3n al sol, adem\u00e1s de la p\u00e9rdida de firmeza y elasticidad de la piel, not\u00e1ndose la flacidez del rostro.\u00a0\u00a0<\/span><\/p>\n<p><strong>Recomendaciones dermatol\u00f3gicas:\u00a0<\/strong><\/p>\n<p><span class=\"JsGRdQ\">Incorpora retinol y <a href=\"https:\/\/lbmedicalspa.cl\/blog\/producto\/c-e-ferulic-30ml-antioxidantes\/\">vitamina C<\/a> a tu rutina para combatir los da\u00f1os ocasionados por los radicales libres, causantes del envejecimiento de la piel. Asimismo, el <a href=\"https:\/\/lbmedicalspa.cl\/blog\/todo-lo-que-tienes-que-saber-sobre-el-acido-hialuronico\/\">\u00e1cido hialur\u00f3nico <\/a><\/span>t\u00f3pico, como el <a href=\"https:\/\/lbmedicalspa.cl\/blog\/producto\/h-a-intensifier-30ml-acido-hialuronico\/\">serum<\/a>, permite <strong>atraer y retener los niveles de agua<\/strong> perdidos con el paso de los a\u00f1os.\u00a0<span class=\"JsGRdQ\">Por la <strong>noche,<\/strong> utiliza una crema hidratante que contenga p\u00e9ptidos para ayudar a regenerar y rejuvenecer los tejidos.<\/span>[\/vc_column_text][\/vc_column_inner][\/vc_row_inner][\/vc_column][\/vc_row][vc_row equal_height=&#8221;yes&#8221;][vc_column][vc_column_text css=&#8221;.vc_custom_1641939750615{margin-bottom: 0px !important;padding-bottom: 0px !important;}&#8221;]<\/p>\n<h3><strong><span style=\"color: #ffad00; text-transform: none;\">Mi piel a los 50 a\u00f1os:<\/span><\/strong><\/h3>\n<p>[\/vc_column_text][vc_row_inner equal_height=&#8221;yes&#8221;][vc_column_inner width=&#8221;1\/4&#8243;][vc_single_image image=&#8221;42539&#8243; img_size=&#8221;full&#8221; css=&#8221;.vc_custom_1641939846773{border-top-width: 1px !important;border-right-width: 1px !important;border-bottom-width: 1px !important;border-left-width: 1px !important;border-left-style: none !important;border-right-style: none !important;border-top-style: none !important;border-bottom-style: none !important;}&#8221;][\/vc_column_inner][vc_column_inner width=&#8221;3\/4&#8243;][vc_column_text]<b>\u00bfQu\u00e9 pasa en mi piel?<\/b><\/p>\n<ul>\n<li><span class=\"JsGRdQ\">Los niveles de estr\u00f3geno caen abruptamente, y se refleja ampliamente en la p\u00e9rdida de col\u00e1geno en la dermis.\u00a0<\/span><\/li>\n<li>Se observa un adelgazamiento de los m\u00fasculos del rostro, as\u00ed como tambi\u00e9n luce m\u00e1s p\u00e1lida y trasl\u00facida. Tambi\u00e9n, los vasos sangu\u00edneos de la dermis se vuelven m\u00e1s fr\u00e1giles, lo que puede provocar la presencia de peque\u00f1os hematomas.<\/li>\n<li><span class=\"JsGRdQ\">La degradaci\u00f3n de col\u00e1geno y elastina se acelera, mientras que la renovaci\u00f3n celular se ralentiza considerable. <\/span><\/li>\n<li><span class=\"JsGRdQ\">La piel es m\u00e1s sensible a agresiones ambientales como la luz solar, el fr\u00edo y la sequedad ambiental.\u00a0<\/span><\/li>\n<\/ul>\n<p><strong>Recomendaciones dermatol\u00f3gicas:\u00a0<\/strong><\/p>\n<p>La luz solar es uno de los principales enemigos del fotoenvejecimiento de la piel, por tanto, no salgas de casa sin protector solar 50+. <span class=\"JsGRdQ\">Incorpora <a href=\"https:\/\/lbmedicalspa.cl\/blog\/producto\/h-a-intensifier-30ml-acido-hialuronico\/\">\u00e1cido hialur\u00f3nico<\/a>, niacinamida y p\u00e9ptidos, ya que estos ingredientes son suplementos vitam\u00ednicos necesarios para que la piel conserve los niveles de hidrataci\u00f3n y combata con mayor eficacia los agentes ambientales. Adem\u00e1s, utiliza cremas para el <a href=\"https:\/\/lbmedicalspa.cl\/blog\/producto\/eye-balm\/\">contorno de ojos<\/a>, ya que esta \u00e1rea del rostro es la de principal atenci\u00f3n al interactuar con otros.\u00a0<\/span>[\/vc_column_text][\/vc_column_inner][\/vc_row_inner][\/vc_column][\/vc_row][vc_row][vc_column][vc_column_text css=&#8221;.vc_custom_1641940696503{padding-top: 20px !important;padding-right: 20px !important;padding-bottom: 20px !important;padding-left: 20px !important;background-color: #f2f2f2 !important;}&#8221;]<\/p>\n<div class=\"elementor-element elementor-element-0c24dfc elementor-widget elementor-widget-theme-post-content\" data-id=\"0c24dfc\" data-element_type=\"widget\" data-widget_type=\"theme-post-content.default\">\n<div class=\"elementor-widget-container\">\n<div class=\"vc_row wpb_row vc_row-fluid\">\n<div class=\"wpb_column vc_column_container vc_col-sm-12\">\n<div class=\"vc_column-inner\">\n<div class=\"wpb_wrapper\">\n<div class=\"wpb_text_column wpb_content_element vc_custom_1627990230445\">\n<div class=\"wpb_wrapper\">\n<h4>Lo cierto es que el envejecimiento de la piel es seguro. Sin embargo, si tomamos las precauciones y cuidados de nuestro rostro con anterioridad, nuestra piel se sentir\u00e1 m\u00e1s luminosa y eso, por supuesto, ayudar\u00e1 a sentirnos seguras con nosotras mismas. \u00a1An\u00edmate a comenzar tu rutina de cuidado facial!<\/h4>\n<\/div>\n<\/div>\n<\/div>\n<\/div>\n<\/div>\n<\/div>\n<\/div>\n<\/div>\n<p>[\/vc_column_text][\/vc_column][\/vc_row]<\/p>\n\n","protected":false},"excerpt":{"rendered":"<p>\u00bfLos productos para tu piel ya no son suficientes a medida que pasan los a\u00f1os? Conversamos con nuestra cosmet\u00f3loga sobre los cambios y recomendaciones a tomar en cuenta.<\/p>\n","protected":false},"author":10,"featured_media":42540,"comment_status":"closed","ping_status":"closed","sticky":false,"template":"","format":"standard","meta":{"nf_dc_page":"","content-type":""},"categories":[383],"tags":[401,461,532,379,403,393,396,428,463,382,400,533,431],"yoast_head":"<!-- This site is optimized with the Yoast SEO plugin v20.5 - https:\/\/yoast.com\/wordpress\/plugins\/seo\/ -->\n<title>C\u00f3mo cambia tu piel a medida que envejeces - Cl\u00ednica LB Medical SPA<\/title>\n<meta name=\"robots\" content=\"index, follow, max-snippet:-1, max-image-preview:large, max-video-preview:-1\" \/>\n<link rel=\"canonical\" href=\"https:\/\/lbmedicalspa.cl\/blog\/como-cambia-tu-piel-a-medida-que-envejeces\/\" \/>\n<meta property=\"og:locale\" content=\"es_ES\" \/>\n<meta property=\"og:type\" content=\"article\" \/>\n<meta property=\"og:title\" content=\"C\u00f3mo cambia tu piel a medida que envejeces - Cl\u00ednica LB Medical SPA\" \/>\n<meta property=\"og:description\" content=\"\u00bfLos productos para tu piel ya no son suficientes a medida que pasan los a\u00f1os? Conversamos con nuestra cosmet\u00f3loga sobre los cambios y recomendaciones a tomar en cuenta.\" \/>\n<meta property=\"og:url\" content=\"https:\/\/lbmedicalspa.cl\/blog\/como-cambia-tu-piel-a-medida-que-envejeces\/\" \/>\n<meta property=\"og:site_name\" content=\"Cl\u00ednica LB Medical SPA\" \/>\n<meta property=\"article:published_time\" content=\"2022-01-11T22:42:33+00:00\" \/>\n<meta property=\"og:image\" content=\"https:\/\/lbmedicalspa.cl\/blog\/wp-content\/uploads\/2022\/01\/Todo-lo-que-tienes-que-saber-sobre-el-a\u0301cido-hialuro\u0301nico-6.jpg\" \/>\n\t<meta property=\"og:image:width\" content=\"1920\" \/>\n\t<meta property=\"og:image:height\" content=\"1080\" \/>\n\t<meta property=\"og:image:type\" content=\"image\/jpeg\" \/>\n<meta name=\"author\" content=\"Lilian Bonilla\" \/>\n<meta name=\"twitter:card\" content=\"summary_large_image\" \/>\n<meta name=\"twitter:label1\" content=\"Escrito por\" \/>\n\t<meta name=\"twitter:data1\" content=\"Lilian Bonilla\" \/>\n\t<meta name=\"twitter:label2\" content=\"Tiempo de lectura\" \/>\n\t<meta name=\"twitter:data2\" content=\"5 minutos\" \/>\n<!-- \/ Yoast SEO plugin. -->","yoast_head_json":{"title":"C\u00f3mo cambia tu piel a medida que envejeces - Cl\u00ednica LB Medical SPA","robots":{"index":"index","follow":"follow","max-snippet":"max-snippet:-1","max-image-preview":"max-image-preview:large","max-video-preview":"max-video-preview:-1"},"canonical":"https:\/\/lbmedicalspa.cl\/blog\/como-cambia-tu-piel-a-medida-que-envejeces\/","og_locale":"es_ES","og_type":"article","og_title":"C\u00f3mo cambia tu piel a medida que envejeces - Cl\u00ednica LB Medical SPA","og_description":"\u00bfLos productos para tu piel ya no son suficientes a medida que pasan los a\u00f1os? Conversamos con nuestra cosmet\u00f3loga sobre los cambios y recomendaciones a tomar en cuenta.","og_url":"https:\/\/lbmedicalspa.cl\/blog\/como-cambia-tu-piel-a-medida-que-envejeces\/","og_site_name":"Cl\u00ednica LB Medical SPA","article_published_time":"2022-01-11T22:42:33+00:00","og_image":[{"width":1920,"height":1080,"url":"https:\/\/lbmedicalspa.cl\/blog\/wp-content\/uploads\/2022\/01\/Todo-lo-que-tienes-que-saber-sobre-el-a\u0301cido-hialuro\u0301nico-6.jpg","type":"image\/jpeg"}],"author":"Lilian Bonilla","twitter_card":"summary_large_image","twitter_misc":{"Escrito por":"Lilian Bonilla","Tiempo de lectura":"5 minutos"},"schema":{"@context":"https:\/\/schema.org","@graph":[{"@type":"Article","@id":"https:\/\/lbmedicalspa.cl\/blog\/como-cambia-tu-piel-a-medida-que-envejeces\/#article","isPartOf":{"@id":"https:\/\/lbmedicalspa.cl\/blog\/como-cambia-tu-piel-a-medida-que-envejeces\/"},"author":{"name":"Lilian Bonilla","@id":"https:\/\/lbmedicalspa.cl\/blog\/#\/schema\/person\/da075de94495cb33bb8de6006e1abe08"},"headline":"C\u00f3mo cambia tu piel a medida que envejeces","datePublished":"2022-01-11T22:42:33+00:00","dateModified":"2022-01-11T22:42:33+00:00","mainEntityOfPage":{"@id":"https:\/\/lbmedicalspa.cl\/blog\/como-cambia-tu-piel-a-medida-que-envejeces\/"},"wordCount":1006,"publisher":{"@id":"https:\/\/lbmedicalspa.cl\/blog\/#organization"},"keywords":["\u00c1cido Hialur\u00f3nico","arrugas","cuidado de la piel","Cuidados de la piel","Envejecimiento","Envejecimiento prematuro","Flacidez","Hidrataci\u00f3n","l\u00edneas de expresi\u00f3n","Piel","Rostro","rutina de belleza","SkinCeuticals"],"articleSection":["Cuidados de la piel"],"inLanguage":"es"},{"@type":"WebPage","@id":"https:\/\/lbmedicalspa.cl\/blog\/como-cambia-tu-piel-a-medida-que-envejeces\/","url":"https:\/\/lbmedicalspa.cl\/blog\/como-cambia-tu-piel-a-medida-que-envejeces\/","name":"C\u00f3mo cambia tu piel a medida que envejeces - Cl\u00ednica LB Medical SPA","isPartOf":{"@id":"https:\/\/lbmedicalspa.cl\/blog\/#website"},"datePublished":"2022-01-11T22:42:33+00:00","dateModified":"2022-01-11T22:42:33+00:00","inLanguage":"es","potentialAction":[{"@type":"ReadAction","target":["https:\/\/lbmedicalspa.cl\/blog\/como-cambia-tu-piel-a-medida-que-envejeces\/"]}]},{"@type":"WebSite","@id":"https:\/\/lbmedicalspa.cl\/blog\/#website","url":"https:\/\/lbmedicalspa.cl\/blog\/","name":"Cl\u00ednica LB Medical SPA","description":"Medicina Est\u00e9tica, Antiage y Depilaci\u00f3n L\u00e1ser","publisher":{"@id":"https:\/\/lbmedicalspa.cl\/blog\/#organization"},"potentialAction":[{"@type":"SearchAction","target":{"@type":"EntryPoint","urlTemplate":"https:\/\/lbmedicalspa.cl\/blog\/?s={search_term_string}"},"query-input":"required name=search_term_string"}],"inLanguage":"es"},{"@type":"Organization","@id":"https:\/\/lbmedicalspa.cl\/blog\/#organization","name":"Cl\u00ednica LB Medical SPA","url":"https:\/\/lbmedicalspa.cl\/blog\/","logo":{"@type":"ImageObject","inLanguage":"es","@id":"https:\/\/lbmedicalspa.cl\/blog\/#\/schema\/logo\/image\/","url":"https:\/\/lbmedicalspa.cl\/blog\/wp-content\/uploads\/2021\/07\/clinica-lb-medical-spa-60x142-1.png","contentUrl":"https:\/\/lbmedicalspa.cl\/blog\/wp-content\/uploads\/2021\/07\/clinica-lb-medical-spa-60x142-1.png","width":142,"height":60,"caption":"Cl\u00ednica LB Medical SPA"},"image":{"@id":"https:\/\/lbmedicalspa.cl\/blog\/#\/schema\/logo\/image\/"}},{"@type":"Person","@id":"https:\/\/lbmedicalspa.cl\/blog\/#\/schema\/person\/da075de94495cb33bb8de6006e1abe08","name":"Lilian Bonilla","sameAs":["https:\/\/lbmedicalspa.cl\/blog"],"url":"https:\/\/lbmedicalspa.cl\/blog\/author\/lilian\/"}]}},"_links":{"self":[{"href":"https:\/\/lbmedicalspa.cl\/blog\/wp-json\/wp\/v2\/posts\/42535"}],"collection":[{"href":"https:\/\/lbmedicalspa.cl\/blog\/wp-json\/wp\/v2\/posts"}],"about":[{"href":"https:\/\/lbmedicalspa.cl\/blog\/wp-json\/wp\/v2\/types\/post"}],"author":[{"embeddable":true,"href":"https:\/\/lbmedicalspa.cl\/blog\/wp-json\/wp\/v2\/users\/10"}],"replies":[{"embeddable":true,"href":"https:\/\/lbmedicalspa.cl\/blog\/wp-json\/wp\/v2\/comments?post=42535"}],"version-history":[{"count":0,"href":"https:\/\/lbmedicalspa.cl\/blog\/wp-json\/wp\/v2\/posts\/42535\/revisions"}],"wp:featuredmedia":[{"embeddable":true,"href":"https:\/\/lbmedicalspa.cl\/blog\/wp-json\/wp\/v2\/media\/42540"}],"wp:attachment":[{"href":"https:\/\/lbmedicalspa.cl\/blog\/wp-json\/wp\/v2\/media?parent=42535"}],"wp:term":[{"taxonomy":"category","embeddable":true,"href":"https:\/\/lbmedicalspa.cl\/blog\/wp-json\/wp\/v2\/categories?post=42535"},{"taxonomy":"post_tag","embeddable":true,"href":"https:\/\/lbmedicalspa.cl\/blog\/wp-json\/wp\/v2\/tags?post=42535"}],"curies":[{"name":"wp","href":"https:\/\/api.w.org\/{rel}","templated":true}]}}