{"id":41940,"date":"2021-11-11T18:25:55","date_gmt":"2021-11-11T21:25:55","guid":{"rendered":"https:\/\/lbmedicalspa.cl\/blog\/?p=41940"},"modified":"2021-11-11T18:25:55","modified_gmt":"2021-11-11T21:25:55","slug":"depilacion-laser-en-verano-puedo-hacermela","status":"publish","type":"post","link":"https:\/\/lbmedicalspa.cl\/blog\/depilacion-laser-en-verano-puedo-hacermela\/","title":{"rendered":"Depilaci\u00f3n l\u00e1ser en verano \u00bfpuedo hac\u00e9rmela?"},"content":{"rendered":"<p>[vc_row][vc_column][vc_single_image image=&#8221;41958&#8243; img_size=&#8221;full&#8221; alignment=&#8221;center&#8221;][\/vc_column][\/vc_row][vc_row][vc_column][vc_column_text css=&#8221;.vc_custom_1636661007712{margin-bottom: 0px !important;padding-bottom: 0px !important;}&#8221;]<\/p>\n<h2 style=\"color: #7a7a7a; font-size: 20px; font-weight: normal; line-height: 42px; text-transform: none;\">El verano se acerca y con ello la necesidad de comenzar o continuar con un tratamiento de depilaci\u00f3n l\u00e1ser, es cada vez m\u00e1s demandado, y con ello, existe una gran interrogante sobre si se recomienda o no realizarse la depilaci\u00f3n l\u00e1ser en esta \u00e9poca del a\u00f1o.<\/h2>\n<p>[\/vc_column_text][vc_column_text css=&#8221;.vc_custom_1636665875651{padding-top: 10px !important;}&#8221;]<\/p>\n<p class=\"tw-data-text tw-text-large XcVN5d tw-ta\" dir=\"ltr\" data-placeholder=\"Traducci\u00f3n\">En general, con otro tipo de tecnolog\u00edas de depilaci\u00f3n l\u00e1ser se recomienda no comenzar con el tratamiento. Sin embargo, con la depilaci\u00f3n l\u00e1ser de diodo esto s\u00ed es posible. En este blog de contamos sobre los mitos de la depilaci\u00f3n l\u00e1ser en verano.<\/p>\n<p>[\/vc_column_text][\/vc_column][\/vc_row][vc_row equal_height=&#8221;yes&#8221;][vc_column][vc_column_text css=&#8221;.vc_custom_1636661159156{margin-bottom: 0px !important;padding-bottom: 0px !important;}&#8221;]<\/p>\n<h3><span style=\"color: #ffad00; text-transform: none;\">\u00bfQu\u00e9 tipo de depilaci\u00f3n l\u00e1ser puedo realizarme en verano?<\/span><\/h3>\n<p>[\/vc_column_text][vc_row_inner equal_height=&#8221;yes&#8221;][vc_column_inner width=&#8221;1\/4&#8243;][vc_single_image image=&#8221;41959&#8243; img_size=&#8221;full&#8221;][\/vc_column_inner][vc_column_inner width=&#8221;3\/4&#8243;][vc_column_text]Con otros m\u00e9todos de depilaci\u00f3n l\u00e1ser es com\u00fan recomendar suspender el tratamiento durante la temporada de primavera-verano, sin embargo, con tecnolog\u00eda de la depilaci\u00f3n l\u00e1ser de diodo, esto ya no es as\u00ed.<\/p>\n<p>El l\u00e1ser <strong>Diodo Ligth Sheer Desire <\/strong>de Lumenis, l\u00edder mundial en tecnolog\u00eda l\u00e1ser, est\u00e1 recomendado para cualquier \u00e9poca del a\u00f1o. A diferencia de la depilaci\u00f3n l\u00e1ser Alexandrina, por ejemplo, nuestro l\u00e1ser de diodo se puede aplicar sobre cualquier fototipo de piel, desde las pieles m\u00e1s claras a las m\u00e1s oscuras, por lo que es totalmente seguro en verano, incluso para las pieles bronceadas.[\/vc_column_text][\/vc_column_inner][\/vc_row_inner][\/vc_column][\/vc_row][vc_row equal_height=&#8221;yes&#8221;][vc_column][vc_column_text css=&#8221;.vc_custom_1636661528000{margin-bottom: 0px !important;padding-bottom: 0px !important;}&#8221;]<\/p>\n<h3><span style=\"color: #ffad00; text-transform: none;\">Pero, \u00bfgenera fotosensibilidad en la piel?<\/span><\/h3>\n<p>[\/vc_column_text][vc_row_inner equal_height=&#8221;yes&#8221;][vc_column_inner width=&#8221;1\/4&#8243;][vc_single_image image=&#8221;41960&#8243; img_size=&#8221;full&#8221; css=&#8221;.vc_custom_1636665119068{border-top-width: 1px !important;border-right-width: 1px !important;border-bottom-width: 1px !important;border-left-width: 1px !important;border-left-style: none !important;border-right-style: none !important;border-top-style: none !important;border-bottom-style: none !important;}&#8221;][\/vc_column_inner][vc_column_inner width=&#8221;3\/4&#8243;][vc_column_text]La respuesta es no. Existe un amplio mito respecto a que la piel sometida a un tratamiento de depilaci\u00f3n l\u00e1ser es m\u00e1s susceptible a mancharse si se expone al sol. Esto no es as\u00ed, a menos que la piel sufra de alguna quemadura o herida, la cual evidentemente es m\u00e1s sensible. Por lo tanto, <strong>lo que mancha la piel no es el l\u00e1ser, sino la quemadura.\u00a0<\/strong>[\/vc_column_text][\/vc_column_inner][\/vc_row_inner][\/vc_column][\/vc_row][vc_row equal_height=&#8221;yes&#8221;][vc_column][vc_column_text css=&#8221;.vc_custom_1636663512578{margin-bottom: 0px !important;padding-bottom: 0px !important;}&#8221;]<\/p>\n<h3><span style=\"color: #ffad00; text-transform: none;\">\u00bfCu\u00e1ntos d\u00edas debo esperar para exponerme al sol antes y despu\u00e9s del tratamiento?\u00a0<\/span><\/h3>\n<p>[\/vc_column_text][vc_row_inner equal_height=&#8221;yes&#8221;][vc_column_inner width=&#8221;1\/4&#8243;][vc_single_image image=&#8221;41961&#8243; img_size=&#8221;full&#8221; css=&#8221;.vc_custom_1636665171217{border-top-width: 1px !important;border-right-width: 1px !important;border-bottom-width: 1px !important;border-left-width: 1px !important;border-left-style: none !important;border-right-style: none !important;border-top-style: none !important;border-bottom-style: none !important;}&#8221;][\/vc_column_inner][vc_column_inner width=&#8221;3\/4&#8243;][vc_column_text]Si bien el riesgo de presentar signos de fotosensibilidad en la piel luego del tratamiento es menor, se recomienda no exponerse al sol directo a menos durante 48 horas previas y post tratamiento, adem\u00e1s de utilizar protecci\u00f3n solar de alto espectro.<\/p>\n<p>Luego del tratamiento, procura que tu piel est\u00e9 calmada y recuperada antes de exponerte al sol, s\u00f3lo como medida preventiva.[\/vc_column_text][\/vc_column_inner][\/vc_row_inner][\/vc_column][\/vc_row][vc_row equal_height=&#8221;yes&#8221;][vc_column][vc_column_text css=&#8221;.vc_custom_1636664123055{margin-bottom: 0px !important;padding-bottom: 0px !important;}&#8221;]<\/p>\n<h3><span style=\"color: #ffad00; text-transform: none;\">Consejos para obtener mejores resultados<\/span><\/h3>\n<p>[\/vc_column_text][vc_row_inner equal_height=&#8221;yes&#8221;][vc_column_inner width=&#8221;1\/4&#8243;][vc_single_image image=&#8221;41962&#8243; img_size=&#8221;full&#8221; css=&#8221;.vc_custom_1636665557320{border-top-width: 1px !important;border-right-width: 1px !important;border-bottom-width: 1px !important;border-left-width: 1px !important;border-left-style: none !important;border-right-style: none !important;border-top-style: none !important;border-bottom-style: none !important;}&#8221;][\/vc_column_inner][vc_column_inner width=&#8221;3\/4&#8243;][vc_column_text]<\/p>\n<ol>\n<li id=\"tw-target-text\" class=\"tw-data-text tw-text-large XcVN5d tw-ta\" dir=\"ltr\" data-placeholder=\"Traducci\u00f3n\">Es importante que mantengas un buen nivel de <strong>hidrataci\u00f3n<\/strong> <a href=\"https:\/\/lbmedicalspa.cl\/blog\/5-consejos-que-debes-saber-antes-de-la-depilacioon-laser-diodo\/\">previo y post sesi\u00f3n de depilaci\u00f3n l\u00e1ser<\/a>, tanto en el consumo de agua, as\u00ed como la aplicaci\u00f3n de cremas hidratantes. De esta forma, tu piel lucir\u00e1 m\u00e1s sana y brillante.<\/li>\n<li dir=\"ltr\" data-placeholder=\"Traducci\u00f3n\">Depila el \u00e1rea donde comenzar\u00e1s con el tratamiento, <strong>sin eliminar el vello desde la ra\u00edz,<\/strong> como es el caso del uso de cera depilatorias y m\u00e1quinas de eliminaci\u00f3n del vello.<\/li>\n<li dir=\"ltr\" data-placeholder=\"Traducci\u00f3n\">\n<div class=\"vc_row wpb_row vc_row-fluid vc_row-o-equal-height vc_row-flex\">\n<div class=\"wpb_column vc_column_container vc_col-sm-12\">\n<div class=\"vc_column-inner\">\n<div class=\"wpb_wrapper\">\n<div class=\"vc_row wpb_row vc_inner vc_row-fluid vc_row-o-equal-height vc_row-flex\">\n<div class=\"wpb_column vc_column_container vc_col-sm-12\">\n<div class=\"vc_column-inner\">\n<div class=\"wpb_wrapper\">\n<div class=\"wpb_text_column wpb_content_element \">\n<div class=\"wpb_wrapper\">\n<p><strong>Si est\u00e1s embarazada,\u00a0no puedes comenzar con el tratamiento de depilaci\u00f3n l\u00e1ser.<\/strong> Si bien no existe evidencia que demuestre que este tipo de intervenci\u00f3n afecta al feto, la Organizaci\u00f3n Mundial de la Salud desaconseja cualquier tratamiento durante el embarazo. Por otro lado, debido a los cambios hormonales, la piel es mucho m\u00e1s sensible y, en muchos casos, existe pigmentaci\u00f3n y manchas rojas u oscuras.<\/p>\n<\/div>\n<\/div>\n<\/div>\n<\/div>\n<\/div>\n<\/div>\n<\/div>\n<\/div>\n<\/div>\n<\/div>\n<\/li>\n<\/ol>\n<p>[\/vc_column_text][\/vc_column_inner][\/vc_row_inner][\/vc_column][\/vc_row][vc_row][vc_column][vc_column_text css=&#8221;.vc_custom_1636665581893{padding-top: 20px !important;padding-right: 20px !important;padding-bottom: 20px !important;padding-left: 20px !important;background-color: #f2f2f2 !important;}&#8221;]<\/p>\n<div class=\"elementor-element elementor-element-0c24dfc elementor-widget elementor-widget-theme-post-content\" data-id=\"0c24dfc\" data-element_type=\"widget\" data-widget_type=\"theme-post-content.default\">\n<div class=\"elementor-widget-container\">\n<div class=\"vc_row wpb_row vc_row-fluid\">\n<div class=\"wpb_column vc_column_container vc_col-sm-12\">\n<div class=\"vc_column-inner\">\n<div class=\"wpb_wrapper\">\n<div class=\"wpb_text_column wpb_content_element vc_custom_1627990230445\">\n<div class=\"wpb_wrapper\">\n<h4><strong>La tecnolog\u00eda l\u00e1ser de diodo es una de las m\u00e1s seguras y eficaces para la eliminaci\u00f3n definitiva de los vellos. Ten en cuenta estos consejos para conseguir los resultados que est\u00e1s buscando. Conoce nuestras promociones\u00a0<a href=\"https:\/\/lbmedicalspa.cl\/blog\/categoria-tienda\/tratamientos\/depilacion-laser-diodo\/\">aqu\u00ed<\/a>.<\/strong><\/h4>\n<\/div>\n<\/div>\n<\/div>\n<\/div>\n<\/div>\n<\/div>\n<\/div>\n<\/div>\n<div class=\"elementor-element elementor-element-7bdb699 elementor-cta--skin-cover elementor-animated-content elementor-bg-transform elementor-bg-transform-zoom-in elementor-widget elementor-widget-call-to-action\" data-id=\"7bdb699\" data-element_type=\"widget\" data-widget_type=\"call-to-action.default\">\n<div class=\"elementor-widget-container\">\n<div class=\"elementor-cta\">\n<div class=\"elementor-cta__bg-wrapper\"><\/div>\n<\/div>\n<\/div>\n<\/div>\n<p>[\/vc_column_text][\/vc_column][\/vc_row]<\/p>\n\n","protected":false},"excerpt":{"rendered":"<p>Con otras tecnolog\u00edas de depilaci\u00f3n l\u00e1ser se recomienda no comenzar el tratamiento en verano. Sin embargo, con la depilaci\u00f3n l\u00e1ser de diodo \u00a1esto s\u00ed es posible!<\/p>\n","protected":false},"author":10,"featured_media":41963,"comment_status":"closed","ping_status":"closed","sticky":false,"template":"","format":"standard","meta":{"nf_dc_page":"","content-type":""},"categories":[385],"tags":[532,533,530,531,431],"yoast_head":"<!-- This site is optimized with the Yoast SEO plugin v20.5 - https:\/\/yoast.com\/wordpress\/plugins\/seo\/ -->\n<title>Depilaci\u00f3n l\u00e1ser en verano \u00bfpuedo hac\u00e9rmela? - Cl\u00ednica LB Medical SPA<\/title>\n<meta name=\"robots\" content=\"index, follow, max-snippet:-1, max-image-preview:large, max-video-preview:-1\" \/>\n<link rel=\"canonical\" href=\"https:\/\/lbmedicalspa.cl\/blog\/depilacion-laser-en-verano-puedo-hacermela\/\" \/>\n<meta property=\"og:locale\" content=\"es_ES\" \/>\n<meta property=\"og:type\" content=\"article\" \/>\n<meta property=\"og:title\" content=\"Depilaci\u00f3n l\u00e1ser en verano \u00bfpuedo hac\u00e9rmela? - Cl\u00ednica LB Medical SPA\" \/>\n<meta property=\"og:description\" content=\"Con otras tecnolog\u00edas de depilaci\u00f3n l\u00e1ser se recomienda no comenzar el tratamiento en verano. Sin embargo, con la depilaci\u00f3n l\u00e1ser de diodo \u00a1esto s\u00ed es posible!\" \/>\n<meta property=\"og:url\" content=\"https:\/\/lbmedicalspa.cl\/blog\/depilacion-laser-en-verano-puedo-hacermela\/\" \/>\n<meta property=\"og:site_name\" content=\"Cl\u00ednica LB Medical SPA\" \/>\n<meta property=\"article:published_time\" content=\"2021-11-11T21:25:55+00:00\" \/>\n<meta property=\"og:image\" content=\"https:\/\/lbmedicalspa.cl\/blog\/wp-content\/uploads\/2021\/11\/Fotos-destacadas-blogs-1.jpeg\" \/>\n\t<meta property=\"og:image:width\" content=\"1920\" \/>\n\t<meta property=\"og:image:height\" content=\"1080\" \/>\n\t<meta property=\"og:image:type\" content=\"image\/jpeg\" \/>\n<meta name=\"author\" content=\"Lilian Bonilla\" \/>\n<meta name=\"twitter:card\" content=\"summary_large_image\" \/>\n<meta name=\"twitter:label1\" content=\"Escrito por\" \/>\n\t<meta name=\"twitter:data1\" content=\"Lilian Bonilla\" \/>\n\t<meta name=\"twitter:label2\" content=\"Tiempo de lectura\" \/>\n\t<meta name=\"twitter:data2\" content=\"5 minutos\" \/>\n<!-- \/ Yoast SEO plugin. -->","yoast_head_json":{"title":"Depilaci\u00f3n l\u00e1ser en verano \u00bfpuedo hac\u00e9rmela? - Cl\u00ednica LB Medical SPA","robots":{"index":"index","follow":"follow","max-snippet":"max-snippet:-1","max-image-preview":"max-image-preview:large","max-video-preview":"max-video-preview:-1"},"canonical":"https:\/\/lbmedicalspa.cl\/blog\/depilacion-laser-en-verano-puedo-hacermela\/","og_locale":"es_ES","og_type":"article","og_title":"Depilaci\u00f3n l\u00e1ser en verano \u00bfpuedo hac\u00e9rmela? - Cl\u00ednica LB Medical SPA","og_description":"Con otras tecnolog\u00edas de depilaci\u00f3n l\u00e1ser se recomienda no comenzar el tratamiento en verano. Sin embargo, con la depilaci\u00f3n l\u00e1ser de diodo \u00a1esto s\u00ed es posible!","og_url":"https:\/\/lbmedicalspa.cl\/blog\/depilacion-laser-en-verano-puedo-hacermela\/","og_site_name":"Cl\u00ednica LB Medical SPA","article_published_time":"2021-11-11T21:25:55+00:00","og_image":[{"width":1920,"height":1080,"url":"https:\/\/lbmedicalspa.cl\/blog\/wp-content\/uploads\/2021\/11\/Fotos-destacadas-blogs-1.jpeg","type":"image\/jpeg"}],"author":"Lilian Bonilla","twitter_card":"summary_large_image","twitter_misc":{"Escrito por":"Lilian Bonilla","Tiempo de lectura":"5 minutos"},"schema":{"@context":"https:\/\/schema.org","@graph":[{"@type":"Article","@id":"https:\/\/lbmedicalspa.cl\/blog\/depilacion-laser-en-verano-puedo-hacermela\/#article","isPartOf":{"@id":"https:\/\/lbmedicalspa.cl\/blog\/depilacion-laser-en-verano-puedo-hacermela\/"},"author":{"name":"Lilian Bonilla","@id":"https:\/\/lbmedicalspa.cl\/blog\/#\/schema\/person\/da075de94495cb33bb8de6006e1abe08"},"headline":"Depilaci\u00f3n l\u00e1ser en verano \u00bfpuedo hac\u00e9rmela?","datePublished":"2021-11-11T21:25:55+00:00","dateModified":"2021-11-11T21:25:55+00:00","mainEntityOfPage":{"@id":"https:\/\/lbmedicalspa.cl\/blog\/depilacion-laser-en-verano-puedo-hacermela\/"},"wordCount":1001,"publisher":{"@id":"https:\/\/lbmedicalspa.cl\/blog\/#organization"},"keywords":["cuidado de la piel","rutina de belleza","serum","skincare","SkinCeuticals"],"articleSection":["Depilaci\u00f3n l\u00e1ser"],"inLanguage":"es"},{"@type":"WebPage","@id":"https:\/\/lbmedicalspa.cl\/blog\/depilacion-laser-en-verano-puedo-hacermela\/","url":"https:\/\/lbmedicalspa.cl\/blog\/depilacion-laser-en-verano-puedo-hacermela\/","name":"Depilaci\u00f3n l\u00e1ser en verano \u00bfpuedo hac\u00e9rmela? - Cl\u00ednica LB Medical SPA","isPartOf":{"@id":"https:\/\/lbmedicalspa.cl\/blog\/#website"},"datePublished":"2021-11-11T21:25:55+00:00","dateModified":"2021-11-11T21:25:55+00:00","inLanguage":"es","potentialAction":[{"@type":"ReadAction","target":["https:\/\/lbmedicalspa.cl\/blog\/depilacion-laser-en-verano-puedo-hacermela\/"]}]},{"@type":"WebSite","@id":"https:\/\/lbmedicalspa.cl\/blog\/#website","url":"https:\/\/lbmedicalspa.cl\/blog\/","name":"Cl\u00ednica LB Medical SPA","description":"Medicina Est\u00e9tica, Antiage y Depilaci\u00f3n L\u00e1ser","publisher":{"@id":"https:\/\/lbmedicalspa.cl\/blog\/#organization"},"potentialAction":[{"@type":"SearchAction","target":{"@type":"EntryPoint","urlTemplate":"https:\/\/lbmedicalspa.cl\/blog\/?s={search_term_string}"},"query-input":"required name=search_term_string"}],"inLanguage":"es"},{"@type":"Organization","@id":"https:\/\/lbmedicalspa.cl\/blog\/#organization","name":"Cl\u00ednica LB Medical SPA","url":"https:\/\/lbmedicalspa.cl\/blog\/","logo":{"@type":"ImageObject","inLanguage":"es","@id":"https:\/\/lbmedicalspa.cl\/blog\/#\/schema\/logo\/image\/","url":"https:\/\/lbmedicalspa.cl\/blog\/wp-content\/uploads\/2021\/07\/clinica-lb-medical-spa-60x142-1.png","contentUrl":"https:\/\/lbmedicalspa.cl\/blog\/wp-content\/uploads\/2021\/07\/clinica-lb-medical-spa-60x142-1.png","width":142,"height":60,"caption":"Cl\u00ednica LB Medical SPA"},"image":{"@id":"https:\/\/lbmedicalspa.cl\/blog\/#\/schema\/logo\/image\/"}},{"@type":"Person","@id":"https:\/\/lbmedicalspa.cl\/blog\/#\/schema\/person\/da075de94495cb33bb8de6006e1abe08","name":"Lilian Bonilla","sameAs":["https:\/\/lbmedicalspa.cl\/blog"],"url":"https:\/\/lbmedicalspa.cl\/blog\/author\/lilian\/"}]}},"_links":{"self":[{"href":"https:\/\/lbmedicalspa.cl\/blog\/wp-json\/wp\/v2\/posts\/41940"}],"collection":[{"href":"https:\/\/lbmedicalspa.cl\/blog\/wp-json\/wp\/v2\/posts"}],"about":[{"href":"https:\/\/lbmedicalspa.cl\/blog\/wp-json\/wp\/v2\/types\/post"}],"author":[{"embeddable":true,"href":"https:\/\/lbmedicalspa.cl\/blog\/wp-json\/wp\/v2\/users\/10"}],"replies":[{"embeddable":true,"href":"https:\/\/lbmedicalspa.cl\/blog\/wp-json\/wp\/v2\/comments?post=41940"}],"version-history":[{"count":0,"href":"https:\/\/lbmedicalspa.cl\/blog\/wp-json\/wp\/v2\/posts\/41940\/revisions"}],"wp:featuredmedia":[{"embeddable":true,"href":"https:\/\/lbmedicalspa.cl\/blog\/wp-json\/wp\/v2\/media\/41963"}],"wp:attachment":[{"href":"https:\/\/lbmedicalspa.cl\/blog\/wp-json\/wp\/v2\/media?parent=41940"}],"wp:term":[{"taxonomy":"category","embeddable":true,"href":"https:\/\/lbmedicalspa.cl\/blog\/wp-json\/wp\/v2\/categories?post=41940"},{"taxonomy":"post_tag","embeddable":true,"href":"https:\/\/lbmedicalspa.cl\/blog\/wp-json\/wp\/v2\/tags?post=41940"}],"curies":[{"name":"wp","href":"https:\/\/api.w.org\/{rel}","templated":true}]}}