{"id":41446,"date":"2021-10-12T12:42:28","date_gmt":"2021-10-12T15:42:28","guid":{"rendered":"https:\/\/lbmedicalspa.cl\/blog\/?p=41446"},"modified":"2021-10-12T12:49:57","modified_gmt":"2021-10-12T15:49:57","slug":"acne-reconoce-sus-tipos-y-tratamientos","status":"publish","type":"post","link":"https:\/\/lbmedicalspa.cl\/blog\/acne-reconoce-sus-tipos-y-tratamientos\/","title":{"rendered":"Acn\u00e9: reconoce sus tipos y tratamientos"},"content":{"rendered":"<p>[vc_row][vc_column][vc_single_image image=&#8221;41447&#8243; img_size=&#8221;full&#8221; alignment=&#8221;center&#8221;][\/vc_column][\/vc_row][vc_row][vc_column][vc_column_text css=&#8221;.vc_custom_1634047534755{margin-bottom: 0px !important;padding-bottom: 0px !important;}&#8221;]<\/p>\n<h2 style=\"color: #7a7a7a; font-size: 20px; font-weight: normal; line-height: 42px; text-transform: none;\">El acn\u00e9 no es un problema dermatol\u00f3gico asociado solo a la adolescencia, sino que tambi\u00e9n puede presentarse en edad adulta, incluso, durante la infancia. Es por esto que es necesario identificar sus tipos y causas para entregar un efectivo tratamiento.<\/h2>\n<p>[\/vc_column_text][vc_column_text css=&#8221;.vc_custom_1634053253795{padding-top: 10px !important;}&#8221;]<\/p>\n<p class=\"tw-data-text tw-text-large XcVN5d tw-ta\" dir=\"ltr\" data-placeholder=\"Traducci\u00f3n\">Algunas denominaciones para describir los tipos de acn\u00e9 son <strong>comedon, p\u00e1pula y p\u00fastula.<\/strong> Si no est\u00e1s familiarizada con estos nombres, en este blog te explicamos.<\/p>\n<p>[\/vc_column_text][\/vc_column][\/vc_row][vc_row equal_height=&#8221;yes&#8221;][vc_column][vc_column_text css=&#8221;.vc_custom_1634048651988{margin-bottom: 0px !important;padding-bottom: 0px !important;}&#8221;]<\/p>\n<h3><span style=\"color: #ffad00; text-transform: none;\">Tipos de acn\u00e9<\/span><\/h3>\n<div id=\"tw-container\" data-cp=\"1\" data-is-ver=\"false\" data-nnttsvi=\"1\" data-sm=\"1\" data-sugg-time=\"500\" data-sugg-url=\"https:\/\/clients1.google.com\/complete\/search\" data-uilc=\"es-419\">\n<div id=\"tw-ob\" class=\"tw-src-ltr\">\n<div class=\"oSioSc\">\n<div id=\"tw-target\">\n<div id=\"kAz1tf\" class=\"g9WsWb\">\n<div class=\"iYB33c\">\n<div id=\"tw-tmenu\" class=\"tw-menu\"><\/div>\n<\/div>\n<\/div>\n<\/div>\n<\/div>\n<\/div>\n<div id=\"tw-images\"><\/div>\n<div class=\"dURPtb\"><\/div>\n<div>\n<div><\/div>\n<\/div>\n<\/div>\n<div class=\"KFFQ0c xKf9F\"><\/div>\n<p>[\/vc_column_text][vc_column_text]El acn\u00e9 se caracteriza por un <strong>incremento en la producci\u00f3n de sebo, presencia de granos y espinillas e inflamaci\u00f3n.\u00a0<\/strong>Diversas investigaciones se\u00f1alan que esta afecci\u00f3n es resultado del sistema inmune ante bacterias, l\u00edpidos y andr\u00f3genos (hormonas masculinas).<\/p>\n<p>Su <strong>aparici\u00f3n<\/strong> est\u00e1 asociado a m\u00faltiples factores, como cambios hormonales, factores ambientales, estr\u00e9s, componente gen\u00e9tico, o bien, como reacci\u00f3n al consumo de ciertos medicamentos.<\/p>\n<p>Cualquiera sea su causa, aqu\u00ed te explicamos los <strong>3 tipos m\u00e1s comunes<\/strong> de esta afecci\u00f3n d\u00e9rmica.[\/vc_column_text][\/vc_column][\/vc_row][vc_row equal_height=&#8221;yes&#8221;][vc_column][vc_column_text css=&#8221;.vc_custom_1634049724672{margin-bottom: 0px !important;padding-bottom: 0px !important;}&#8221;]<\/p>\n<h3><span style=\"color: #ffad00; text-transform: none;\">Acn\u00e9 comedog\u00e9nico<\/span><\/h3>\n<p>[\/vc_column_text][vc_row_inner equal_height=&#8221;yes&#8221;][vc_column_inner width=&#8221;1\/4&#8243;][vc_single_image image=&#8221;41453&#8243; img_size=&#8221;full&#8221; css=&#8221;.vc_custom_1634053210219{border-top-width: 1px !important;border-right-width: 1px !important;border-bottom-width: 1px !important;border-left-width: 1px !important;border-left-style: none !important;border-right-style: none !important;border-top-style: none !important;border-bottom-style: none !important;}&#8221;][\/vc_column_inner][vc_column_inner width=&#8221;3\/4&#8243;][vc_column_text]<\/p>\n<ul>\n<li>Tambi\u00e9n conocido como <strong>acn\u00e9 leve<\/strong>, se caracteriza por aparecer, normalmente, durante la adolescencia, aunque tambi\u00e9n puede aparecer despu\u00e9s.<\/li>\n<li>Las zonas m\u00e1s frecuentes donde aparece es en la\u00a0<strong>frente, ment\u00f3n, nariz y mejillas.\u00a0<\/strong><\/li>\n<li>Existe una probabilidad baja de dejar cicatrices en la piel.<\/li>\n<\/ul>\n<p>[\/vc_column_text][\/vc_column_inner][\/vc_row_inner][\/vc_column][\/vc_row][vc_row equal_height=&#8221;yes&#8221;][vc_column][vc_column_text css=&#8221;.vc_custom_1634050224274{margin-bottom: 0px !important;padding-bottom: 0px !important;}&#8221;]<\/p>\n<h3><span style=\"color: #ffad00; text-transform: none;\">Acn\u00e9 papulopustuloso<\/span><\/h3>\n<p>[\/vc_column_text][vc_row_inner equal_height=&#8221;yes&#8221;][vc_column_inner width=&#8221;1\/4&#8243;][vc_single_image image=&#8221;41448&#8243; img_size=&#8221;full&#8221; css=&#8221;.vc_custom_1634050250272{border-top-width: 1px !important;border-right-width: 1px !important;border-bottom-width: 1px !important;border-left-width: 1px !important;border-left-style: none !important;border-right-style: none !important;border-top-style: none !important;border-bottom-style: none !important;}&#8221;][\/vc_column_inner][vc_column_inner width=&#8221;3\/4&#8243;][vc_column_text]<\/p>\n<ul>\n<li>Este tipo de acn\u00e9 tambi\u00e9n es denominado como <strong>acn\u00e9 moderado,\u00a0<\/strong>se caracteriza por variar de moderado a severo.<\/li>\n<li>Sus s\u00edntomas son\u00a0<strong>piel roja e inflamada,\u00a0<\/strong>y aparece en la <strong>frente, nariz y mejillas<\/strong>, y con menor frecuencia, en la<strong> espalda.\u00a0<\/strong><\/li>\n<li>Hay posibilidad de dejar cicatrices y\/o manchas en la piel.<\/li>\n<\/ul>\n<p>[\/vc_column_text][\/vc_column_inner][\/vc_row_inner][\/vc_column][\/vc_row][vc_row equal_height=&#8221;yes&#8221;][vc_column][vc_column_text css=&#8221;.vc_custom_1634050645014{margin-bottom: 0px !important;padding-bottom: 0px !important;}&#8221;]<\/p>\n<h3><span style=\"color: #ffad00; text-transform: none;\">Acn\u00e9 conglobata<\/span><\/h3>\n<p>[\/vc_column_text][vc_row_inner equal_height=&#8221;yes&#8221;][vc_column_inner width=&#8221;1\/4&#8243;][vc_single_image image=&#8221;41450&#8243; img_size=&#8221;full&#8221; css=&#8221;.vc_custom_1634051102547{border-top-width: 1px !important;border-right-width: 1px !important;border-bottom-width: 1px !important;border-left-width: 1px !important;border-left-style: none !important;border-right-style: none !important;border-top-style: none !important;border-bottom-style: none !important;}&#8221;][\/vc_column_inner][vc_column_inner width=&#8221;3\/4&#8243;][vc_column_text]<\/p>\n<ul>\n<li>Conocido como\u00a0<strong>acn\u00e9 severo<\/strong>, es menos frecuente y es m\u00e1s probable que aparezca durante la pubertad, aunque tambi\u00e9n puede aparecer en la edad adulta.<\/li>\n<li>Sus s\u00edntomas son inflamaci\u00f3n y gran presencia de granos y espinillas, que pueden agruparse y formar n\u00f3dulos y quistes que resultan muy dolorosos.<\/li>\n<li>Hay riesgo de que deje cicatrices y manchas de pigmentaci\u00f3n en la piel.<\/li>\n<\/ul>\n<p>[\/vc_column_text][\/vc_column_inner][\/vc_row_inner][vc_column_text]Adem\u00e1s, existen otros tipos de acn\u00e9 agrupados tanto por su nivel de inflamaci\u00f3n, como por factores externos. Entre ellos:<\/p>\n<ul>\n<li>Acn\u00e9 estival: aparece tras la exposici\u00f3n a rayos UV.<\/li>\n<li>Acn\u00e9 N\u00f3dulo \u2013 Qu\u00edstico (Moderado-Severo)<\/li>\n<li>Variantes (excoriado, inversa, neonatal, infantil, prepuberal, cosm\u00e9tico, mec\u00e1nico o friccional, ocupacional, producido por f\u00e1rmacos).<\/li>\n<\/ul>\n<p>[\/vc_column_text][\/vc_column][\/vc_row][vc_row equal_height=&#8221;yes&#8221;][vc_column][vc_column_text css=&#8221;.vc_custom_1634051369149{margin-bottom: 0px !important;padding-bottom: 0px !important;}&#8221;]<\/p>\n<h3><span style=\"color: #ffad00; text-transform: none;\">Acn\u00e9 y sus tratamientos<\/span><\/h3>\n<div id=\"tw-container\" data-cp=\"1\" data-is-ver=\"false\" data-nnttsvi=\"1\" data-sm=\"1\" data-sugg-time=\"500\" data-sugg-url=\"https:\/\/clients1.google.com\/complete\/search\" data-uilc=\"es-419\">\n<div id=\"tw-ob\" class=\"tw-src-ltr\">\n<div class=\"oSioSc\">\n<div id=\"tw-target\">\n<div id=\"kAz1tf\" class=\"g9WsWb\">\n<div class=\"iYB33c\">\n<div id=\"tw-tmenu\" class=\"tw-menu\"><\/div>\n<\/div>\n<\/div>\n<\/div>\n<\/div>\n<\/div>\n<div id=\"tw-images\"><\/div>\n<div class=\"dURPtb\"><\/div>\n<div>\n<div><\/div>\n<\/div>\n<\/div>\n<div class=\"KFFQ0c xKf9F\"><\/div>\n<p>[\/vc_column_text][vc_column_text]Si sufres de algunas de estas imperfecciones en tu piel, lo primero es\u00a0<strong>acudir a un dermat\u00f3logo\u00a0<\/strong>para evaluar y recomendar tratamientos t\u00f3picos m\u00e9dicos. Ten en cuenta que debes acudir apenas aparezcan los primeros signos de acn\u00e9, y as\u00ed prevenir cicatrices y manchas.<\/p>\n<p>Para complementar tu tratamiento m\u00e9dico, es fundamental que utilices productos especialmente recomendados para tu tipo de piel. \u00c9stos deben ser de textura liviana y libre de aceites.<\/p>\n<ul>\n<li class=\"product_title entry-title elementor-heading-title elementor-size-default\">\n<div class=\"elementor-element elementor-element-6d0339f9 elementor-widget elementor-widget-woocommerce-product-short-description\" data-id=\"6d0339f9\" data-element_type=\"widget\" data-widget_type=\"woocommerce-product-short-description.default\">\n<div class=\"elementor-widget-container\">\n<div class=\"woocommerce-product-details__short-description\">\n<h4 class=\"entry-title\"><strong><a title=\"Blemish + Age Cleanser Gel\" href=\"https:\/\/lbmedicalspa.cl\/blog\/producto\/blemish-age-cleanser-gel\/\" rel=\"bookmark\">Blemish + Age Cleanser Gel<\/a><\/strong><\/h4>\n<p>Limpiador exfoliante y purificante en espuma con \u00e1cido salic\u00edlico para desobstruir los poros y reducir el exceso de sebo.<\/p>\n<p><strong><a href=\"https:\/\/lbmedicalspa.cl\/blog\/producto\/serum-para-manchas-blemish-age-defense\/\">Blemish + Age Defense Serum:<\/a><\/strong><\/p>\n<p>Tratamiento no comedog\u00e9nico para tratar las imperfecciones de la piel. Reduce la producci\u00f3n excesiva de sebo y las marcas; descongestiona poros obstruidos. Unifica el tono de la piel.<\/p>\n<div class=\"c-product-main__name-wrapper\">\n<p class=\"c-product-main__name\"><strong><a href=\"https:\/\/lbmedicalspa.cl\/blog\/producto\/silymarin-cf-30ml-antioxidante\/\">SILYMARIN CF<\/a><\/strong><\/p>\n<p>Es un potente s\u00e9rum antioxidante con Vitamina C, formulado espec\u00edficamente para pieles grasas y con tendencia acn\u00e9ica. Proporciona una avanzada protecci\u00f3n medioambiental, y ayuda a mejorar los signos visibles de la edad, minimizar los poros, reducir el exceso de grasa, alisar la textura de la piel y reducir las arrugas.<\/p>\n<div>\n<p class=\"product_title entry-title elementor-heading-title elementor-size-default\"><strong><a href=\"https:\/\/lbmedicalspa.cl\/blog\/producto\/advanced-brightening-uv-defense-sunscreen-spf-50-40-ml\/\">Advanced Brightening UV Defense Sunscreen SPF 50<\/a><\/strong><\/p>\n<div class=\"elementor-element elementor-element-6d0339f9 elementor-widget elementor-widget-woocommerce-product-short-description\" data-id=\"6d0339f9\" data-element_type=\"widget\" data-widget_type=\"woocommerce-product-short-description.default\">\n<div class=\"elementor-widget-container\">\n<div class=\"woocommerce-product-details__short-description\">\n<p class=\"product_name\">Con una f\u00f3rmula ultraligera y libre de residuos, este fotoprotector combina protecci\u00f3n UV de amplio espectro con una potente mezcla de ingredientes correctores de la hiperpigmentaci\u00f3n para una piel m\u00e1s sana y uniforme.<\/p>\n<\/div>\n<\/div>\n<\/div>\n<div class=\"elementor-element elementor-element-7a2f9ab6 elementor-widget elementor-widget-the7-woocommerce-product-add-to-cart\" data-id=\"7a2f9ab6\" data-element_type=\"widget\" data-widget_type=\"the7-woocommerce-product-add-to-cart.default\"><\/div>\n<\/div>\n<\/div>\n<div class=\"c-product-main__rating\"><\/div>\n<\/div>\n<\/div>\n<\/div>\n<\/li>\n<\/ul>\n<p>[\/vc_column_text][\/vc_column][\/vc_row][vc_row][vc_column][vc_column_text css=&#8221;.vc_custom_1634053080367{padding-top: 20px !important;padding-right: 20px !important;padding-bottom: 20px !important;padding-left: 20px !important;background-color: #f2f2f2 !important;}&#8221;]Si quieres realizar una\u00a0<strong>limpieza facial para pieles acneicas<\/strong>, te invitamos a <strong><a href=\"https:\/\/lbmedicalspa.agendapro.com\/cl\/workflow?local=7574\">agendar tu evaluaci\u00f3n aqu\u00ed.\u00a0<\/a><\/strong>[\/vc_column_text][\/vc_column][\/vc_row][vc_row][vc_column][\/vc_column][\/vc_row]<\/p>\n\n","protected":false},"excerpt":{"rendered":"<p>Algunas denominaciones para describir los tipos de acn\u00e9 son comedon, p\u00e1pula y p\u00fastula. Si no est\u00e1s familiarizada con estos nombres, en este blog te explicamos.<\/p>\n","protected":false},"author":10,"featured_media":41451,"comment_status":"closed","ping_status":"closed","sticky":false,"template":"","format":"standard","meta":{"nf_dc_page":"","content-type":""},"categories":[383],"tags":[513,515,517,514,516],"yoast_head":"<!-- This site is optimized with the Yoast SEO plugin v20.5 - https:\/\/yoast.com\/wordpress\/plugins\/seo\/ -->\n<title>Acn\u00e9: reconoce sus tipos y tratamientos - Cl\u00ednica LB Medical SPA<\/title>\n<meta name=\"robots\" content=\"index, follow, max-snippet:-1, max-image-preview:large, max-video-preview:-1\" \/>\n<link rel=\"canonical\" href=\"https:\/\/lbmedicalspa.cl\/blog\/acne-reconoce-sus-tipos-y-tratamientos\/\" \/>\n<meta property=\"og:locale\" content=\"es_ES\" \/>\n<meta property=\"og:type\" content=\"article\" \/>\n<meta property=\"og:title\" content=\"Acn\u00e9: reconoce sus tipos y tratamientos - Cl\u00ednica LB Medical SPA\" \/>\n<meta property=\"og:description\" content=\"Algunas denominaciones para describir los tipos de acn\u00e9 son comedon, p\u00e1pula y p\u00fastula. Si no est\u00e1s familiarizada con estos nombres, en este blog te explicamos.\" \/>\n<meta property=\"og:url\" content=\"https:\/\/lbmedicalspa.cl\/blog\/acne-reconoce-sus-tipos-y-tratamientos\/\" \/>\n<meta property=\"og:site_name\" content=\"Cl\u00ednica LB Medical SPA\" \/>\n<meta property=\"article:published_time\" content=\"2021-10-12T15:42:28+00:00\" \/>\n<meta property=\"article:modified_time\" content=\"2021-10-12T15:49:57+00:00\" \/>\n<meta property=\"og:image\" content=\"https:\/\/lbmedicalspa.cl\/blog\/wp-content\/uploads\/2021\/10\/Fotos-destacadas-blogs-2.jpg\" \/>\n\t<meta property=\"og:image:width\" content=\"1920\" \/>\n\t<meta property=\"og:image:height\" content=\"1080\" \/>\n\t<meta property=\"og:image:type\" content=\"image\/jpeg\" \/>\n<meta name=\"author\" content=\"Lilian Bonilla\" \/>\n<meta name=\"twitter:card\" content=\"summary_large_image\" \/>\n<meta name=\"twitter:label1\" content=\"Escrito por\" \/>\n\t<meta name=\"twitter:data1\" content=\"Lilian Bonilla\" \/>\n\t<meta name=\"twitter:label2\" content=\"Tiempo de lectura\" \/>\n\t<meta name=\"twitter:data2\" content=\"5 minutos\" \/>\n<!-- \/ Yoast SEO plugin. -->","yoast_head_json":{"title":"Acn\u00e9: reconoce sus tipos y tratamientos - Cl\u00ednica LB Medical SPA","robots":{"index":"index","follow":"follow","max-snippet":"max-snippet:-1","max-image-preview":"max-image-preview:large","max-video-preview":"max-video-preview:-1"},"canonical":"https:\/\/lbmedicalspa.cl\/blog\/acne-reconoce-sus-tipos-y-tratamientos\/","og_locale":"es_ES","og_type":"article","og_title":"Acn\u00e9: reconoce sus tipos y tratamientos - Cl\u00ednica LB Medical SPA","og_description":"Algunas denominaciones para describir los tipos de acn\u00e9 son comedon, p\u00e1pula y p\u00fastula. Si no est\u00e1s familiarizada con estos nombres, en este blog te explicamos.","og_url":"https:\/\/lbmedicalspa.cl\/blog\/acne-reconoce-sus-tipos-y-tratamientos\/","og_site_name":"Cl\u00ednica LB Medical SPA","article_published_time":"2021-10-12T15:42:28+00:00","article_modified_time":"2021-10-12T15:49:57+00:00","og_image":[{"width":1920,"height":1080,"url":"https:\/\/lbmedicalspa.cl\/blog\/wp-content\/uploads\/2021\/10\/Fotos-destacadas-blogs-2.jpg","type":"image\/jpeg"}],"author":"Lilian Bonilla","twitter_card":"summary_large_image","twitter_misc":{"Escrito por":"Lilian Bonilla","Tiempo de lectura":"5 minutos"},"schema":{"@context":"https:\/\/schema.org","@graph":[{"@type":"Article","@id":"https:\/\/lbmedicalspa.cl\/blog\/acne-reconoce-sus-tipos-y-tratamientos\/#article","isPartOf":{"@id":"https:\/\/lbmedicalspa.cl\/blog\/acne-reconoce-sus-tipos-y-tratamientos\/"},"author":{"name":"Lilian Bonilla","@id":"https:\/\/lbmedicalspa.cl\/blog\/#\/schema\/person\/da075de94495cb33bb8de6006e1abe08"},"headline":"Acn\u00e9: reconoce sus tipos y tratamientos","datePublished":"2021-10-12T15:42:28+00:00","dateModified":"2021-10-12T15:49:57+00:00","mainEntityOfPage":{"@id":"https:\/\/lbmedicalspa.cl\/blog\/acne-reconoce-sus-tipos-y-tratamientos\/"},"wordCount":1079,"publisher":{"@id":"https:\/\/lbmedicalspa.cl\/blog\/#organization"},"keywords":["Acn\u00e9","cuidado del acn\u00e9","piel grasa","tipos de acn\u00e9","tratamiento del acn\u00e9"],"articleSection":["Cuidados de la piel"],"inLanguage":"es"},{"@type":"WebPage","@id":"https:\/\/lbmedicalspa.cl\/blog\/acne-reconoce-sus-tipos-y-tratamientos\/","url":"https:\/\/lbmedicalspa.cl\/blog\/acne-reconoce-sus-tipos-y-tratamientos\/","name":"Acn\u00e9: reconoce sus tipos y tratamientos - Cl\u00ednica LB Medical SPA","isPartOf":{"@id":"https:\/\/lbmedicalspa.cl\/blog\/#website"},"datePublished":"2021-10-12T15:42:28+00:00","dateModified":"2021-10-12T15:49:57+00:00","inLanguage":"es","potentialAction":[{"@type":"ReadAction","target":["https:\/\/lbmedicalspa.cl\/blog\/acne-reconoce-sus-tipos-y-tratamientos\/"]}]},{"@type":"WebSite","@id":"https:\/\/lbmedicalspa.cl\/blog\/#website","url":"https:\/\/lbmedicalspa.cl\/blog\/","name":"Cl\u00ednica LB Medical SPA","description":"Medicina Est\u00e9tica, Antiage y Depilaci\u00f3n L\u00e1ser","publisher":{"@id":"https:\/\/lbmedicalspa.cl\/blog\/#organization"},"potentialAction":[{"@type":"SearchAction","target":{"@type":"EntryPoint","urlTemplate":"https:\/\/lbmedicalspa.cl\/blog\/?s={search_term_string}"},"query-input":"required name=search_term_string"}],"inLanguage":"es"},{"@type":"Organization","@id":"https:\/\/lbmedicalspa.cl\/blog\/#organization","name":"Cl\u00ednica LB Medical SPA","url":"https:\/\/lbmedicalspa.cl\/blog\/","logo":{"@type":"ImageObject","inLanguage":"es","@id":"https:\/\/lbmedicalspa.cl\/blog\/#\/schema\/logo\/image\/","url":"https:\/\/lbmedicalspa.cl\/blog\/wp-content\/uploads\/2021\/07\/clinica-lb-medical-spa-60x142-1.png","contentUrl":"https:\/\/lbmedicalspa.cl\/blog\/wp-content\/uploads\/2021\/07\/clinica-lb-medical-spa-60x142-1.png","width":142,"height":60,"caption":"Cl\u00ednica LB Medical SPA"},"image":{"@id":"https:\/\/lbmedicalspa.cl\/blog\/#\/schema\/logo\/image\/"}},{"@type":"Person","@id":"https:\/\/lbmedicalspa.cl\/blog\/#\/schema\/person\/da075de94495cb33bb8de6006e1abe08","name":"Lilian Bonilla","sameAs":["https:\/\/lbmedicalspa.cl\/blog"],"url":"https:\/\/lbmedicalspa.cl\/blog\/author\/lilian\/"}]}},"_links":{"self":[{"href":"https:\/\/lbmedicalspa.cl\/blog\/wp-json\/wp\/v2\/posts\/41446"}],"collection":[{"href":"https:\/\/lbmedicalspa.cl\/blog\/wp-json\/wp\/v2\/posts"}],"about":[{"href":"https:\/\/lbmedicalspa.cl\/blog\/wp-json\/wp\/v2\/types\/post"}],"author":[{"embeddable":true,"href":"https:\/\/lbmedicalspa.cl\/blog\/wp-json\/wp\/v2\/users\/10"}],"replies":[{"embeddable":true,"href":"https:\/\/lbmedicalspa.cl\/blog\/wp-json\/wp\/v2\/comments?post=41446"}],"version-history":[{"count":0,"href":"https:\/\/lbmedicalspa.cl\/blog\/wp-json\/wp\/v2\/posts\/41446\/revisions"}],"wp:featuredmedia":[{"embeddable":true,"href":"https:\/\/lbmedicalspa.cl\/blog\/wp-json\/wp\/v2\/media\/41451"}],"wp:attachment":[{"href":"https:\/\/lbmedicalspa.cl\/blog\/wp-json\/wp\/v2\/media?parent=41446"}],"wp:term":[{"taxonomy":"category","embeddable":true,"href":"https:\/\/lbmedicalspa.cl\/blog\/wp-json\/wp\/v2\/categories?post=41446"},{"taxonomy":"post_tag","embeddable":true,"href":"https:\/\/lbmedicalspa.cl\/blog\/wp-json\/wp\/v2\/tags?post=41446"}],"curies":[{"name":"wp","href":"https:\/\/api.w.org\/{rel}","templated":true}]}}