{"id":41200,"date":"2021-09-23T17:49:36","date_gmt":"2021-09-23T20:49:36","guid":{"rendered":"https:\/\/lbmedicalspa.cl\/blog\/?p=41200"},"modified":"2021-09-23T17:49:36","modified_gmt":"2021-09-23T20:49:36","slug":"depilacion-laser-diodo-lumenis-tecnologia-indolora-para-eliminar-los-vellos","status":"publish","type":"post","link":"https:\/\/lbmedicalspa.cl\/blog\/depilacion-laser-diodo-lumenis-tecnologia-indolora-para-eliminar-los-vellos\/","title":{"rendered":"Depilaci\u00f3n l\u00e1ser en primavera: \u00bfpuedo comenzar el tratamiento?"},"content":{"rendered":"<p>[vc_row][vc_column][vc_single_image image=&#8221;41213&#8243; img_size=&#8221;full&#8221; alignment=&#8221;center&#8221;][\/vc_column][\/vc_row][vc_row][vc_column][vc_column_text css=&#8221;.vc_custom_1632426339613{margin-bottom: 0px !important;padding-bottom: 0px !important;}&#8221;]<\/p>\n<h2 style=\"color: #7a7a7a; font-size: 20px; font-weight: normal; line-height: 42px; text-transform: none;\">Con la tecnolog\u00eda de Depilaci\u00f3n L\u00e1ser de Diodo Lumenis \u00a1cualquier \u00e9poca del a\u00f1o es recomendable para comenzar con el tratamiento de eliminaci\u00f3n definitiva de los pelos!<\/h2>\n<p>[\/vc_column_text][vc_column_text css=&#8221;.vc_custom_1632427268765{padding-top: 10px !important;}&#8221;]<\/p>\n<p class=\"tw-data-text tw-text-large XcVN5d tw-ta\" dir=\"ltr\" data-placeholder=\"Traducci\u00f3n\"><span class=\"Y2IQFc\" lang=\"es\">Con la llegada de la primavera, los d\u00edas soleados nos invitan a vestirnos con prendas m\u00e1s livianas, dejando al <\/span><span class=\"Y2IQFc\" lang=\"es\">descubierto \u00e1reas del cuerpo que mantuvimos ocultas en temporada de oto\u00f1o-invierno, como piernas, brazos y axilas. <\/span><\/p>\n<p class=\"tw-data-text tw-text-large XcVN5d tw-ta\" dir=\"ltr\" data-placeholder=\"Traducci\u00f3n\"><span class=\"Y2IQFc\" lang=\"es\">Si piensas que has llegado tarde para comenzar con la depilaci\u00f3n l\u00e1ser, \u00a1no te preocupes! <\/span><span class=\"Y2IQFc\" lang=\"es\">En este art\u00edculo te contamos sobre los mitos y verdades sobre la depilaci\u00f3n l\u00e1ser en \u00e9poca de primavera-verano.<\/span><\/p>\n<p>[\/vc_column_text][\/vc_column][\/vc_row][vc_row][vc_column][vc_column_text css=&#8221;.vc_custom_1632425440479{margin-bottom: 0px !important;padding-bottom: 0px !important;}&#8221;]<\/p>\n<h3><span style=\"color: #ffad00; text-transform: none;\">Depilaci\u00f3n L\u00e1ser de Diodo Lumenis<\/span><\/h3>\n<p>[\/vc_column_text][vc_column_text]<\/p>\n<div id=\"tw-container\" data-cp=\"1\" data-is-ver=\"false\" data-nnttsvi=\"1\" data-sm=\"1\" data-sugg-time=\"500\" data-sugg-url=\"https:\/\/clients1.google.com\/complete\/search\" data-uilc=\"es-419\">\n<div id=\"tw-ob\" class=\"tw-src-ltr\">\n<div class=\"oSioSc\">\n<div id=\"tw-target\">\n<div id=\"kAz1tf\" class=\"g9WsWb\">\n<div id=\"tw-target-text-container\" class=\"tw-ta-container F0azHf tw-nfl\" tabindex=\"0\">\n<p>Es sabido que con otros m\u00e9todos de depilaci\u00f3n l\u00e1ser, se recomienda comenzar con el tratamiento durante la temporada de oto\u00f1o e invierno, sin embargo, con las nuevas tecnolog\u00edas, como la depilaci\u00f3n l\u00e1ser de diodo, esto ya no es as\u00ed.<\/p>\n<p>En LB Medical Spa nos preocupamos de ofrecer tecnolog\u00eda de vanguardia en <a href=\"https:\/\/lbmedicalspa.cl\/blog\/todo-lo-que-necesitas-saber-sobre-la-depilacion-laser-diodo\/\">depilaci\u00f3n l\u00e1ser de diodo<\/a>, es por eso que contamos con el sistema <strong>LightSheer Lumenis,<\/strong> uno de los m\u00e9todos m\u00e1s eficaces en la eliminaci\u00f3n definitiva del vello: es indoloro, sin gel y con resultados visibles desde la primera sesi\u00f3n. Adem\u00e1s, permite comenzar con el tratamiento en cualquier \u00e9poca del a\u00f1o y en cualquier fototipo de piel.<\/p>\n<p>Como este m\u00e9todo de depilaci\u00f3n l\u00e1ser<strong> permanece a baja temperatura<\/strong>, su tecnolog\u00eda emana luz de forma progresiva y r\u00e1pida, lo cual <strong>reduce los riesgos de quemaduras en la piel<\/strong> y por tanto, puedes exponerte al sol transcurridas 48 horas luego de la sesi\u00f3n.<\/p>\n<\/div>\n<\/div>\n<\/div>\n<\/div>\n<\/div>\n<\/div>\n<p>[\/vc_column_text][\/vc_column][\/vc_row][vc_row equal_height=&#8221;yes&#8221;][vc_column][vc_column_text css=&#8221;.vc_custom_1632428865725{margin-bottom: 0px !important;padding-bottom: 0px !important;}&#8221;]<\/p>\n<h3><span style=\"color: #ffad00; text-transform: none;\">Beneficios de la Depilaci\u00f3n L\u00e1ser de Diodo Lumenis:<\/span><\/h3>\n<div id=\"tw-container\" data-cp=\"1\" data-is-ver=\"false\" data-nnttsvi=\"1\" data-sm=\"1\" data-sugg-time=\"500\" data-sugg-url=\"https:\/\/clients1.google.com\/complete\/search\" data-uilc=\"es-419\">\n<div id=\"tw-ob\" class=\"tw-src-ltr\">\n<div class=\"oSioSc\">\n<div id=\"tw-target\">\n<div id=\"kAz1tf\" class=\"g9WsWb\">\n<div class=\"iYB33c\">\n<div id=\"tw-tmenu\" class=\"tw-menu\"><\/div>\n<\/div>\n<\/div>\n<\/div>\n<\/div>\n<\/div>\n<div id=\"tw-images\"><\/div>\n<div class=\"dURPtb\"><\/div>\n<div>\n<div><\/div>\n<\/div>\n<\/div>\n<div class=\"KFFQ0c xKf9F\"><\/div>\n<p>[\/vc_column_text][vc_row_inner equal_height=&#8221;yes&#8221;][vc_column_inner width=&#8221;1\/4&#8243;][vc_single_image image=&#8221;41212&#8243; img_size=&#8221;full&#8221;][\/vc_column_inner][vc_column_inner width=&#8221;3\/4&#8243;][vc_column_text]<\/p>\n<div id=\"tw-container\" data-cp=\"1\" data-is-ver=\"false\" data-nnttsvi=\"1\" data-sm=\"1\" data-sugg-time=\"500\" data-sugg-url=\"https:\/\/clients1.google.com\/complete\/search\" data-uilc=\"es-419\">\n<div id=\"tw-ob\" class=\"tw-src-ltr\">\n<div class=\"oSioSc\">\n<div id=\"tw-target\">\n<div id=\"kAz1tf\" class=\"g9WsWb\">\n<div id=\"tw-target-text-container\" class=\"tw-ta-container F0azHf tw-nfl\" tabindex=\"0\">\n<ol>\n<li aria-level=\"1\">Es un tratamiento\u00a0<b>eficaz y seguro\u00a0<\/b>que logra eliminar hasta el 90% del vello luego de 4 a 8 sesiones. Adem\u00e1s, su\u00a0<b>efecto es prolongado<\/b>\u00a0en el tiempo.<\/li>\n<li aria-level=\"1\">En su potencia m\u00e1s alta, es uno de los m\u00e9todos m\u00e1s tolerados debido a que\u00a0<b>produce menos dolor<\/b>\u00a0que otro tipo de l\u00e1ser. La intensidad se ajusta seg\u00fan los requerimientos de cada paciente, lo que lo hace\u00a0<b>personalizado.\u00a0<\/b><\/li>\n<li aria-level=\"1\">Gracias a su longitud de onda, es posible\u00a0<b>eliminar los vellos m\u00e1s gruesos en cualquier color de piel<\/b>, y de cualquier grosor.<\/li>\n<li aria-level=\"1\">Al abarcar zonas del cuerpo m\u00e1s extensas como la espalda o pecho, es el\u00a0<b>m\u00e1s solicitado por hombres\u00a0<\/b>que buscan una depilaci\u00f3n definitiva.<\/li>\n<li aria-level=\"1\">La depilaci\u00f3n l\u00e1ser diodo es muy eficaz en la\u00a0<b>eliminaci\u00f3n de los vellos m\u00e1s oscuros,<\/b>\u00a0a diferencia del l\u00e1ser Alejandrina, por ejemplo, que es m\u00e1s efectivo en vellos finos y claros.<\/li>\n<\/ol>\n<\/div>\n<\/div>\n<\/div>\n<\/div>\n<\/div>\n<\/div>\n<p>[\/vc_column_text][\/vc_column_inner][\/vc_row_inner][\/vc_column][\/vc_row][vc_row equal_height=&#8221;yes&#8221;][vc_column][vc_column_text css=&#8221;.vc_custom_1632429688375{margin-bottom: 0px !important;padding-bottom: 0px !important;}&#8221;]<\/p>\n<h3><a href=\"https:\/\/lbmedicalspa.cl\/blog\/5-consejos-que-debes-saber-antes-de-la-depilacioon-laser-diodo\/\"><span style=\"color: #ffad00; text-transform: none;\">Sigue estos consejos para conseguir mejores resultados:<\/span><\/a><\/h3>\n<p>[\/vc_column_text][vc_row_inner equal_height=&#8221;yes&#8221;][vc_column_inner][vc_column_text]<\/p>\n<ol>\n<li id=\"tw-target-text\" class=\"tw-data-text tw-text-large XcVN5d tw-ta\" dir=\"ltr\" data-placeholder=\"Traducci\u00f3n\">Es importante que mantengas un buen nivel de hidrataci\u00f3n previo y post sesi\u00f3n de depilaci\u00f3n l\u00e1ser, tanto en el consumo de agua, as\u00ed como la aplicaci\u00f3n de cremas hidratantes. De esta forma, tu piel lucir\u00e1 m\u00e1s sana y brillante.<\/li>\n<li dir=\"ltr\" data-placeholder=\"Traducci\u00f3n\">Procura no exponerte al sol directo al menos durante 48 horas previas a tu sesi\u00f3n, utiliza protecci\u00f3n solar de alto espectro.<\/li>\n<li dir=\"ltr\" data-placeholder=\"Traducci\u00f3n\">Depila el \u00e1rea donde comenzar\u00e1s con el tratamiento, sin eliminar el vello desde la ra\u00edz.<\/li>\n<\/ol>\n<p>[\/vc_column_text][\/vc_column_inner][\/vc_row_inner][\/vc_column][\/vc_row][vc_row][vc_column][vc_column_text css=&#8221;.vc_custom_1632429932372{padding-top: 20px !important;padding-right: 20px !important;padding-bottom: 20px !important;padding-left: 20px !important;background-color: #f2f2f2 !important;}&#8221;]<\/p>\n<h4>Que este verano no te pille de sorpresa. Tenemos una promoci\u00f3n imperdible v\u00e1lida s\u00f3lo hasta el 30 de septiembre. <a href=\"https:\/\/lbmedicalspa.cl\/blog\/producto\/promo-depilacion-laser-operacion-bikini\/\">Conoce m\u00e1s aqu\u00ed.<\/a><\/h4>\n<p>[\/vc_column_text][\/vc_column][\/vc_row]<\/p>\n\n","protected":false},"excerpt":{"rendered":"<p>Con la tecnolog\u00eda de Depilaci\u00f3n L\u00e1ser de Diodo Lumenis \u00a1cualquier \u00e9poca del a\u00f1o es recomendable para comenzar con el tratamiento de eliminaci\u00f3n definitiva de los pelos!<\/p>\n","protected":false},"author":10,"featured_media":41219,"comment_status":"closed","ping_status":"closed","sticky":false,"template":"","format":"standard","meta":{"nf_dc_page":"","content-type":""},"categories":[385],"tags":[391,465,466,467,470,468,469],"yoast_head":"<!-- This site is optimized with the Yoast SEO plugin v20.5 - https:\/\/yoast.com\/wordpress\/plugins\/seo\/ -->\n<title>Depilaci\u00f3n l\u00e1ser en primavera: \u00bfpuedo comenzar el tratamiento? - Cl\u00ednica LB Medical SPA<\/title>\n<meta name=\"robots\" content=\"index, follow, max-snippet:-1, max-image-preview:large, max-video-preview:-1\" \/>\n<link rel=\"canonical\" href=\"https:\/\/lbmedicalspa.cl\/blog\/depilacion-laser-diodo-lumenis-tecnologia-indolora-para-eliminar-los-vellos\/\" \/>\n<meta property=\"og:locale\" content=\"es_ES\" \/>\n<meta property=\"og:type\" content=\"article\" \/>\n<meta property=\"og:title\" content=\"Depilaci\u00f3n l\u00e1ser en primavera: \u00bfpuedo comenzar el tratamiento? - Cl\u00ednica LB Medical SPA\" \/>\n<meta property=\"og:description\" content=\"Con la tecnolog\u00eda de Depilaci\u00f3n L\u00e1ser de Diodo Lumenis \u00a1cualquier \u00e9poca del a\u00f1o es recomendable para comenzar con el tratamiento de eliminaci\u00f3n definitiva de los pelos!\" \/>\n<meta property=\"og:url\" content=\"https:\/\/lbmedicalspa.cl\/blog\/depilacion-laser-diodo-lumenis-tecnologia-indolora-para-eliminar-los-vellos\/\" \/>\n<meta property=\"og:site_name\" content=\"Cl\u00ednica LB Medical SPA\" \/>\n<meta property=\"article:published_time\" content=\"2021-09-23T20:49:36+00:00\" \/>\n<meta property=\"og:image\" content=\"https:\/\/lbmedicalspa.cl\/blog\/wp-content\/uploads\/2021\/09\/Fotos-destacadas-blogs-5-1.jpg\" \/>\n\t<meta property=\"og:image:width\" content=\"1920\" \/>\n\t<meta property=\"og:image:height\" content=\"1080\" \/>\n\t<meta property=\"og:image:type\" content=\"image\/jpeg\" \/>\n<meta name=\"author\" content=\"Lilian Bonilla\" \/>\n<meta name=\"twitter:card\" content=\"summary_large_image\" \/>\n<meta name=\"twitter:label1\" content=\"Escrito por\" \/>\n\t<meta name=\"twitter:data1\" content=\"Lilian Bonilla\" \/>\n\t<meta name=\"twitter:label2\" content=\"Tiempo de lectura\" \/>\n\t<meta name=\"twitter:data2\" content=\"4 minutos\" \/>\n<!-- \/ Yoast SEO plugin. -->","yoast_head_json":{"title":"Depilaci\u00f3n l\u00e1ser en primavera: \u00bfpuedo comenzar el tratamiento? - Cl\u00ednica LB Medical SPA","robots":{"index":"index","follow":"follow","max-snippet":"max-snippet:-1","max-image-preview":"max-image-preview:large","max-video-preview":"max-video-preview:-1"},"canonical":"https:\/\/lbmedicalspa.cl\/blog\/depilacion-laser-diodo-lumenis-tecnologia-indolora-para-eliminar-los-vellos\/","og_locale":"es_ES","og_type":"article","og_title":"Depilaci\u00f3n l\u00e1ser en primavera: \u00bfpuedo comenzar el tratamiento? - Cl\u00ednica LB Medical SPA","og_description":"Con la tecnolog\u00eda de Depilaci\u00f3n L\u00e1ser de Diodo Lumenis \u00a1cualquier \u00e9poca del a\u00f1o es recomendable para comenzar con el tratamiento de eliminaci\u00f3n definitiva de los pelos!","og_url":"https:\/\/lbmedicalspa.cl\/blog\/depilacion-laser-diodo-lumenis-tecnologia-indolora-para-eliminar-los-vellos\/","og_site_name":"Cl\u00ednica LB Medical SPA","article_published_time":"2021-09-23T20:49:36+00:00","og_image":[{"width":1920,"height":1080,"url":"https:\/\/lbmedicalspa.cl\/blog\/wp-content\/uploads\/2021\/09\/Fotos-destacadas-blogs-5-1.jpg","type":"image\/jpeg"}],"author":"Lilian Bonilla","twitter_card":"summary_large_image","twitter_misc":{"Escrito por":"Lilian Bonilla","Tiempo de lectura":"4 minutos"},"schema":{"@context":"https:\/\/schema.org","@graph":[{"@type":"Article","@id":"https:\/\/lbmedicalspa.cl\/blog\/depilacion-laser-diodo-lumenis-tecnologia-indolora-para-eliminar-los-vellos\/#article","isPartOf":{"@id":"https:\/\/lbmedicalspa.cl\/blog\/depilacion-laser-diodo-lumenis-tecnologia-indolora-para-eliminar-los-vellos\/"},"author":{"name":"Lilian Bonilla","@id":"https:\/\/lbmedicalspa.cl\/blog\/#\/schema\/person\/da075de94495cb33bb8de6006e1abe08"},"headline":"Depilaci\u00f3n l\u00e1ser en primavera: \u00bfpuedo comenzar el tratamiento?","datePublished":"2021-09-23T20:49:36+00:00","dateModified":"2021-09-23T20:49:36+00:00","mainEntityOfPage":{"@id":"https:\/\/lbmedicalspa.cl\/blog\/depilacion-laser-diodo-lumenis-tecnologia-indolora-para-eliminar-los-vellos\/"},"wordCount":799,"publisher":{"@id":"https:\/\/lbmedicalspa.cl\/blog\/#organization"},"keywords":["Depilaci\u00f3n l\u00e1ser","diodo","lumenis","pelos","primavera","vellos","verano"],"articleSection":["Depilaci\u00f3n l\u00e1ser"],"inLanguage":"es"},{"@type":"WebPage","@id":"https:\/\/lbmedicalspa.cl\/blog\/depilacion-laser-diodo-lumenis-tecnologia-indolora-para-eliminar-los-vellos\/","url":"https:\/\/lbmedicalspa.cl\/blog\/depilacion-laser-diodo-lumenis-tecnologia-indolora-para-eliminar-los-vellos\/","name":"Depilaci\u00f3n l\u00e1ser en primavera: \u00bfpuedo comenzar el tratamiento? - Cl\u00ednica LB Medical SPA","isPartOf":{"@id":"https:\/\/lbmedicalspa.cl\/blog\/#website"},"datePublished":"2021-09-23T20:49:36+00:00","dateModified":"2021-09-23T20:49:36+00:00","inLanguage":"es","potentialAction":[{"@type":"ReadAction","target":["https:\/\/lbmedicalspa.cl\/blog\/depilacion-laser-diodo-lumenis-tecnologia-indolora-para-eliminar-los-vellos\/"]}]},{"@type":"WebSite","@id":"https:\/\/lbmedicalspa.cl\/blog\/#website","url":"https:\/\/lbmedicalspa.cl\/blog\/","name":"Cl\u00ednica LB Medical SPA","description":"Medicina Est\u00e9tica, Antiage y Depilaci\u00f3n L\u00e1ser","publisher":{"@id":"https:\/\/lbmedicalspa.cl\/blog\/#organization"},"potentialAction":[{"@type":"SearchAction","target":{"@type":"EntryPoint","urlTemplate":"https:\/\/lbmedicalspa.cl\/blog\/?s={search_term_string}"},"query-input":"required name=search_term_string"}],"inLanguage":"es"},{"@type":"Organization","@id":"https:\/\/lbmedicalspa.cl\/blog\/#organization","name":"Cl\u00ednica LB Medical SPA","url":"https:\/\/lbmedicalspa.cl\/blog\/","logo":{"@type":"ImageObject","inLanguage":"es","@id":"https:\/\/lbmedicalspa.cl\/blog\/#\/schema\/logo\/image\/","url":"https:\/\/lbmedicalspa.cl\/blog\/wp-content\/uploads\/2021\/07\/clinica-lb-medical-spa-60x142-1.png","contentUrl":"https:\/\/lbmedicalspa.cl\/blog\/wp-content\/uploads\/2021\/07\/clinica-lb-medical-spa-60x142-1.png","width":142,"height":60,"caption":"Cl\u00ednica LB Medical SPA"},"image":{"@id":"https:\/\/lbmedicalspa.cl\/blog\/#\/schema\/logo\/image\/"}},{"@type":"Person","@id":"https:\/\/lbmedicalspa.cl\/blog\/#\/schema\/person\/da075de94495cb33bb8de6006e1abe08","name":"Lilian Bonilla","sameAs":["https:\/\/lbmedicalspa.cl\/blog"],"url":"https:\/\/lbmedicalspa.cl\/blog\/author\/lilian\/"}]}},"_links":{"self":[{"href":"https:\/\/lbmedicalspa.cl\/blog\/wp-json\/wp\/v2\/posts\/41200"}],"collection":[{"href":"https:\/\/lbmedicalspa.cl\/blog\/wp-json\/wp\/v2\/posts"}],"about":[{"href":"https:\/\/lbmedicalspa.cl\/blog\/wp-json\/wp\/v2\/types\/post"}],"author":[{"embeddable":true,"href":"https:\/\/lbmedicalspa.cl\/blog\/wp-json\/wp\/v2\/users\/10"}],"replies":[{"embeddable":true,"href":"https:\/\/lbmedicalspa.cl\/blog\/wp-json\/wp\/v2\/comments?post=41200"}],"version-history":[{"count":0,"href":"https:\/\/lbmedicalspa.cl\/blog\/wp-json\/wp\/v2\/posts\/41200\/revisions"}],"wp:featuredmedia":[{"embeddable":true,"href":"https:\/\/lbmedicalspa.cl\/blog\/wp-json\/wp\/v2\/media\/41219"}],"wp:attachment":[{"href":"https:\/\/lbmedicalspa.cl\/blog\/wp-json\/wp\/v2\/media?parent=41200"}],"wp:term":[{"taxonomy":"category","embeddable":true,"href":"https:\/\/lbmedicalspa.cl\/blog\/wp-json\/wp\/v2\/categories?post=41200"},{"taxonomy":"post_tag","embeddable":true,"href":"https:\/\/lbmedicalspa.cl\/blog\/wp-json\/wp\/v2\/tags?post=41200"}],"curies":[{"name":"wp","href":"https:\/\/api.w.org\/{rel}","templated":true}]}}