{"id":40928,"date":"2021-08-31T12:51:56","date_gmt":"2021-08-31T16:51:56","guid":{"rendered":"https:\/\/lbmedicalspa.cl\/blog\/?p=40928"},"modified":"2021-09-03T21:17:50","modified_gmt":"2021-09-04T01:17:50","slug":"5-razones-por-las-que-debes-usar-protector-solar-a-diario","status":"publish","type":"post","link":"https:\/\/lbmedicalspa.cl\/blog\/5-razones-por-las-que-debes-usar-protector-solar-a-diario\/","title":{"rendered":"5 razones por las que debes usar protector solar a diario"},"content":{"rendered":"<p>[vc_row][vc_column][vc_single_image image=&#8221;40929&#8243; img_size=&#8221;full&#8221; alignment=&#8221;center&#8221;][\/vc_column][\/vc_row][vc_row][vc_column][vc_column_text css=&#8221;.vc_custom_1630426417307{margin-bottom: 0px !important;padding-bottom: 0px !important;}&#8221;]<\/p>\n<h2 style=\"color: #7a7a7a; font-size: 20px; font-weight: normal; line-height: 42px; text-transform: none;\"><span style=\"font-weight: 400;\">El uso de protector solar de forma diaria no s\u00f3lo combate los rayos UV en los d\u00edas soleados, sino que tambi\u00e9n <strong>protege de los da\u00f1os a largo plazo<\/strong>, reduciendo tambi\u00e9n el riesgo de contraer <strong>c\u00e1ncer a la piel.\u00a0<\/strong><\/span><\/h2>\n<p>[\/vc_column_text][vc_column_text]<span style=\"font-weight: 400;\">En este blog te contamos<strong> 5 razones por las que debes usar protector solar a diario:<\/strong><\/span>[\/vc_column_text][\/vc_column][\/vc_row][vc_row][vc_column][vc_column_text css=&#8221;.vc_custom_1630716658332{margin-bottom: 0px !important;padding-bottom: 0px !important;}&#8221;]<\/p>\n<h3><span style=\"color: #ffad00; text-transform: none;\">1. Retrasa el fotoenvejecimiento de la piel<\/span><\/h3>\n<p>[\/vc_column_text][vc_column_text]<span style=\"font-weight: 400;\">La radiaci\u00f3n UV est\u00e1 presente tanto en d\u00edas soleados como nublados, y \u00e9sta es capaz de <strong>penetrar las capas m\u00e1s profundas de la piel,<\/strong> estimulando la producci\u00f3n de radicales libres y, por tanto, causando el <strong>envejecimiento prematuro<\/strong> producto del estr\u00e9s oxidativo.<\/span>[\/vc_column_text][\/vc_column][\/vc_row][vc_row equal_height=&#8221;yes&#8221;][vc_column width=&#8221;1\/4&#8243;][vc_single_image image=&#8221;40930&#8243; img_size=&#8221;full&#8221;][\/vc_column][vc_column width=&#8221;3\/4&#8243;][vc_column_text css=&#8221;.vc_custom_1630716681628{margin-bottom: 0px !important;padding-bottom: 0px !important;}&#8221;]<\/p>\n<h3><span style=\"color: #ffad00; text-transform: none;\">2. Protege de los rayos UVA\/UVB<\/span><\/h3>\n<p>[\/vc_column_text][vc_column_text]<span style=\"font-weight: 400;\">Es sabido que el sol es indispensable para la vida, y en los humanos, produce la vitamina D y melanina, indispensables para nuestro organismo. Sin embargo, sin una protecci\u00f3n adecuada, <strong>los rayos UVA\/UVB son absorbidos por el ADN,<\/strong> generando da\u00f1os a nivel cut\u00e1neo como manchas oscuras, alergia al sol e incluso desarrollar c\u00e1ncer de piel.<\/span>[\/vc_column_text][\/vc_column][\/vc_row][vc_row equal_height=&#8221;yes&#8221;][vc_column width=&#8221;1\/4&#8243;][vc_single_image image=&#8221;40931&#8243; img_size=&#8221;full&#8221;][\/vc_column][vc_column width=&#8221;3\/4&#8243;][vc_column_text css=&#8221;.vc_custom_1630426845843{margin-bottom: 0px !important;padding-bottom: 0px !important;}&#8221;]<\/p>\n<h3><span style=\"color: #ffad00; text-transform: none;\">3. T<b>e protege de la \u201cluz azul\u201d de las pantallas<\/b><\/span><\/h3>\n<p>[\/vc_column_text][vc_column_text]<span style=\"font-weight: 400;\">Con el teletrabajo y la pandemia, nuestro estilo de vida cambi\u00f3 y con ello vivimos llenos de pantallas como el celular, computador, televisi\u00f3n o tablets, las cuales emiten luz azul (HEV), radiaci\u00f3n de espectro lum\u00ednico que se sit\u00faa entre entre los <strong>380 y los 500 nan\u00f3metros, lo cual equivale a un 30% de la radiaci\u00f3n que el sol emite entre las 09:00 de la ma\u00f1ana y las 20:00<\/strong> hrs (<\/span><a href=\"https:\/\/www.latercera.com\/practico\/noticia\/cuarentena-y-exceso-de-pantallas-como-protegernos-de-la-luz-azul\/ZWFBFQJA6BH7ZKMIYJ3C7ENJ2M\/\"><span style=\"font-weight: 400;\">Fuente: La Tercera<\/span><\/a><span style=\"font-weight: 400;\">)<\/span><\/p>\n<p><span style=\"font-weight: 400;\">La exposici\u00f3n constante a este tipo de luz puede provocar la p\u00e9rdida de col\u00e1geno y, con ello, acelerar el envejecimiento celular. Es por eso que el uso de protector solar para el uso dentro de la casa es muy importante para evitar estos da\u00f1os. <\/span>[\/vc_column_text][\/vc_column][\/vc_row][vc_row][vc_column width=&#8221;1\/4&#8243;][vc_single_image image=&#8221;40932&#8243; img_size=&#8221;full&#8221;][\/vc_column][vc_column width=&#8221;3\/4&#8243;][vc_column_text css=&#8221;.vc_custom_1630716717666{margin-bottom: 0px !important;padding-bottom: 0px !important;}&#8221;]<\/p>\n<h3><span style=\"color: #ffad00; text-transform: none;\">4. Hidrata tu piel<\/span><\/h3>\n<p>[\/vc_column_text][vc_column_text]<span style=\"font-weight: 400;\">Adem\u00e1s de proteger tu piel, el protector solar tambi\u00e9n hidrata, entregando un aspecto m\u00e1s saludable. La <strong>exposici\u00f3n al sol reseca y deshidrata la piel<\/strong>, por lo que aplicar protector solar genera una capa protectora que repele los rayos y, a su vez, mantiene tu piel hidratada.<\/span>[\/vc_column_text][\/vc_column][\/vc_row][vc_row equal_height=&#8221;yes&#8221;][vc_column][vc_column_text css=&#8221;.vc_custom_1630716735698{margin-bottom: 0px !important;padding-bottom: 0px !important;}&#8221;]<\/p>\n<h3><span style=\"color: #ffad00; text-transform: none;\">5. Evita la aparici\u00f3n de manchas<\/span><\/h3>\n<p>[\/vc_column_text][vc_row_inner equal_height=&#8221;yes&#8221;][vc_column_inner][vc_column_text]<span style=\"font-weight: 400;\">Como ya te contamos, la exposici\u00f3n al sol tiene efectos muy importantes sobre nuestra piel, una de ellas, es la <strong>hiperpigmentaci\u00f3n<\/strong> <strong>de la piel<\/strong>, es decir, la aparici\u00f3n de manchas oscuras que son comunes en \u00e1reas como cara, cuello, escote y manos.\u00a0<\/span>[\/vc_column_text][\/vc_column_inner][\/vc_row_inner][\/vc_column][\/vc_row][vc_row equal_height=&#8221;yes&#8221;][vc_column][vc_column_text css=&#8221;.vc_custom_1630718311208{margin-bottom: 0px !important;padding-bottom: 0px !important;}&#8221;]<\/p>\n<h4><span style=\"color: #ffad00; text-transform: none; font-weight: 500;\">Para prevenir los da\u00f1os provocados por el sol prefiere protectores de alto espectro con factor solar sobre 50, seg\u00fan tu tipo de piel.<\/span><\/h4>\n<p>[\/vc_column_text][vc_row_inner equal_height=&#8221;yes&#8221;][vc_column_inner][vc_column_text]<\/p>\n<ul>\n<li dir=\"ltr\" aria-level=\"1\">\n<p dir=\"ltr\" role=\"presentation\">Si vas a salir, aplica protector solar al menos 20 minutos antes de exponerte al sol.<\/p>\n<\/li>\n<li dir=\"ltr\" aria-level=\"1\">\n<p dir=\"ltr\" role=\"presentation\">Re-aplica cada dos a tres horas.<\/p>\n<\/li>\n<\/ul>\n<p>Luego de aplicar el protector solar, refuerza el poder antienvejecimiento celular con <strong><a href=\"https:\/\/lbmedicalspa.cl\/blog\/categoria-tienda\/skincare\/antiaoxidante\/\">s\u00e9rums antioxidantes ricos en vitamina C. <\/a><\/strong>[\/vc_column_text][\/vc_column_inner][\/vc_row_inner][\/vc_column][\/vc_row][vc_row][vc_column]<div id=\"ultimate-heading-749869f4f6501d879\" class=\"uvc-heading ult-adjust-bottom-margin ultimate-heading-749869f4f6501d879 uvc-4277  uvc-heading-default-font-sizes\" data-hspacer=\"no_spacer\"  data-halign=\"center\" style=\"text-align:center\"><div class=\"uvc-heading-spacer no_spacer\" style=\"top\"><\/div><div class=\"uvc-sub-heading ult-responsive\"  data-ultimate-target='.uvc-heading.ultimate-heading-749869f4f6501d879 .uvc-sub-heading '  data-responsive-json-new='{\"font-size\":\"\",\"line-height\":\"\"}'  style=\"font-weight:normal;\"><span style=\"font-weight: 400;\">Revisa la l\u00ednea de protectores solares de alto espectro que tenemos de <\/span><strong><a href=\"https:\/\/lbmedicalspa.cl\/blog\/categoria-tienda\/skincare\/protectores\/\">SkinCeuticals aqu\u00ed\u00a0<\/a><\/strong><\/div><\/div>[\/vc_column][\/vc_row]<\/p>\n\n","protected":false},"excerpt":{"rendered":"<p>El uso de protector solar de forma diaria no s\u00f3lo protege en los d\u00edas soleados, sino que tambi\u00e9n dentro de la casa o d\u00edas nublados. \u00a1Ac\u00e1 te contamos por qu\u00e9!<\/p>\n","protected":false},"author":10,"featured_media":40933,"comment_status":"closed","ping_status":"closed","sticky":false,"template":"","format":"standard","meta":{"nf_dc_page":"","content-type":""},"categories":[383],"tags":[393,410,411],"yoast_head":"<!-- This site is optimized with the Yoast SEO plugin v20.5 - https:\/\/yoast.com\/wordpress\/plugins\/seo\/ -->\n<title>5 razones por las que debes usar protector solar a diario - Cl\u00ednica LB Medical SPA<\/title>\n<meta name=\"robots\" content=\"index, follow, max-snippet:-1, max-image-preview:large, max-video-preview:-1\" \/>\n<link rel=\"canonical\" href=\"https:\/\/lbmedicalspa.cl\/blog\/5-razones-por-las-que-debes-usar-protector-solar-a-diario\/\" \/>\n<meta property=\"og:locale\" content=\"es_ES\" \/>\n<meta property=\"og:type\" content=\"article\" \/>\n<meta property=\"og:title\" content=\"5 razones por las que debes usar protector solar a diario - Cl\u00ednica LB Medical SPA\" \/>\n<meta property=\"og:description\" content=\"El uso de protector solar de forma diaria no s\u00f3lo protege en los d\u00edas soleados, sino que tambi\u00e9n dentro de la casa o d\u00edas nublados. \u00a1Ac\u00e1 te contamos por qu\u00e9!\" \/>\n<meta property=\"og:url\" content=\"https:\/\/lbmedicalspa.cl\/blog\/5-razones-por-las-que-debes-usar-protector-solar-a-diario\/\" \/>\n<meta property=\"og:site_name\" content=\"Cl\u00ednica LB Medical SPA\" \/>\n<meta property=\"article:published_time\" content=\"2021-08-31T16:51:56+00:00\" \/>\n<meta property=\"article:modified_time\" content=\"2021-09-04T01:17:50+00:00\" \/>\n<meta property=\"og:image\" content=\"https:\/\/lbmedicalspa.cl\/blog\/wp-content\/uploads\/2021\/08\/Fotos-destacadas-blogs-3-2.jpg\" \/>\n\t<meta property=\"og:image:width\" content=\"1920\" \/>\n\t<meta property=\"og:image:height\" content=\"1080\" \/>\n\t<meta property=\"og:image:type\" content=\"image\/jpeg\" \/>\n<meta name=\"author\" content=\"Lilian Bonilla\" \/>\n<meta name=\"twitter:card\" content=\"summary_large_image\" \/>\n<meta name=\"twitter:label1\" content=\"Escrito por\" \/>\n\t<meta name=\"twitter:data1\" content=\"Lilian Bonilla\" \/>\n\t<meta name=\"twitter:label2\" content=\"Tiempo de lectura\" \/>\n\t<meta name=\"twitter:data2\" content=\"4 minutos\" \/>\n<!-- \/ Yoast SEO plugin. -->","yoast_head_json":{"title":"5 razones por las que debes usar protector solar a diario - Cl\u00ednica LB Medical SPA","robots":{"index":"index","follow":"follow","max-snippet":"max-snippet:-1","max-image-preview":"max-image-preview:large","max-video-preview":"max-video-preview:-1"},"canonical":"https:\/\/lbmedicalspa.cl\/blog\/5-razones-por-las-que-debes-usar-protector-solar-a-diario\/","og_locale":"es_ES","og_type":"article","og_title":"5 razones por las que debes usar protector solar a diario - Cl\u00ednica LB Medical SPA","og_description":"El uso de protector solar de forma diaria no s\u00f3lo protege en los d\u00edas soleados, sino que tambi\u00e9n dentro de la casa o d\u00edas nublados. \u00a1Ac\u00e1 te contamos por qu\u00e9!","og_url":"https:\/\/lbmedicalspa.cl\/blog\/5-razones-por-las-que-debes-usar-protector-solar-a-diario\/","og_site_name":"Cl\u00ednica LB Medical SPA","article_published_time":"2021-08-31T16:51:56+00:00","article_modified_time":"2021-09-04T01:17:50+00:00","og_image":[{"width":1920,"height":1080,"url":"https:\/\/lbmedicalspa.cl\/blog\/wp-content\/uploads\/2021\/08\/Fotos-destacadas-blogs-3-2.jpg","type":"image\/jpeg"}],"author":"Lilian Bonilla","twitter_card":"summary_large_image","twitter_misc":{"Escrito por":"Lilian Bonilla","Tiempo de lectura":"4 minutos"},"schema":{"@context":"https:\/\/schema.org","@graph":[{"@type":"Article","@id":"https:\/\/lbmedicalspa.cl\/blog\/5-razones-por-las-que-debes-usar-protector-solar-a-diario\/#article","isPartOf":{"@id":"https:\/\/lbmedicalspa.cl\/blog\/5-razones-por-las-que-debes-usar-protector-solar-a-diario\/"},"author":{"name":"Lilian Bonilla","@id":"https:\/\/lbmedicalspa.cl\/blog\/#\/schema\/person\/da075de94495cb33bb8de6006e1abe08"},"headline":"5 razones por las que debes usar protector solar a diario","datePublished":"2021-08-31T16:51:56+00:00","dateModified":"2021-09-04T01:17:50+00:00","mainEntityOfPage":{"@id":"https:\/\/lbmedicalspa.cl\/blog\/5-razones-por-las-que-debes-usar-protector-solar-a-diario\/"},"wordCount":814,"publisher":{"@id":"https:\/\/lbmedicalspa.cl\/blog\/#organization"},"keywords":["Envejecimiento prematuro","Protector solar","Rayos UV"],"articleSection":["Cuidados de la piel"],"inLanguage":"es"},{"@type":"WebPage","@id":"https:\/\/lbmedicalspa.cl\/blog\/5-razones-por-las-que-debes-usar-protector-solar-a-diario\/","url":"https:\/\/lbmedicalspa.cl\/blog\/5-razones-por-las-que-debes-usar-protector-solar-a-diario\/","name":"5 razones por las que debes usar protector solar a diario - Cl\u00ednica LB Medical SPA","isPartOf":{"@id":"https:\/\/lbmedicalspa.cl\/blog\/#website"},"datePublished":"2021-08-31T16:51:56+00:00","dateModified":"2021-09-04T01:17:50+00:00","inLanguage":"es","potentialAction":[{"@type":"ReadAction","target":["https:\/\/lbmedicalspa.cl\/blog\/5-razones-por-las-que-debes-usar-protector-solar-a-diario\/"]}]},{"@type":"WebSite","@id":"https:\/\/lbmedicalspa.cl\/blog\/#website","url":"https:\/\/lbmedicalspa.cl\/blog\/","name":"Cl\u00ednica LB Medical SPA","description":"Medicina Est\u00e9tica, Antiage y Depilaci\u00f3n L\u00e1ser","publisher":{"@id":"https:\/\/lbmedicalspa.cl\/blog\/#organization"},"potentialAction":[{"@type":"SearchAction","target":{"@type":"EntryPoint","urlTemplate":"https:\/\/lbmedicalspa.cl\/blog\/?s={search_term_string}"},"query-input":"required name=search_term_string"}],"inLanguage":"es"},{"@type":"Organization","@id":"https:\/\/lbmedicalspa.cl\/blog\/#organization","name":"Cl\u00ednica LB Medical SPA","url":"https:\/\/lbmedicalspa.cl\/blog\/","logo":{"@type":"ImageObject","inLanguage":"es","@id":"https:\/\/lbmedicalspa.cl\/blog\/#\/schema\/logo\/image\/","url":"https:\/\/lbmedicalspa.cl\/blog\/wp-content\/uploads\/2021\/07\/clinica-lb-medical-spa-60x142-1.png","contentUrl":"https:\/\/lbmedicalspa.cl\/blog\/wp-content\/uploads\/2021\/07\/clinica-lb-medical-spa-60x142-1.png","width":142,"height":60,"caption":"Cl\u00ednica LB Medical SPA"},"image":{"@id":"https:\/\/lbmedicalspa.cl\/blog\/#\/schema\/logo\/image\/"}},{"@type":"Person","@id":"https:\/\/lbmedicalspa.cl\/blog\/#\/schema\/person\/da075de94495cb33bb8de6006e1abe08","name":"Lilian Bonilla","sameAs":["https:\/\/lbmedicalspa.cl\/blog"],"url":"https:\/\/lbmedicalspa.cl\/blog\/author\/lilian\/"}]}},"_links":{"self":[{"href":"https:\/\/lbmedicalspa.cl\/blog\/wp-json\/wp\/v2\/posts\/40928"}],"collection":[{"href":"https:\/\/lbmedicalspa.cl\/blog\/wp-json\/wp\/v2\/posts"}],"about":[{"href":"https:\/\/lbmedicalspa.cl\/blog\/wp-json\/wp\/v2\/types\/post"}],"author":[{"embeddable":true,"href":"https:\/\/lbmedicalspa.cl\/blog\/wp-json\/wp\/v2\/users\/10"}],"replies":[{"embeddable":true,"href":"https:\/\/lbmedicalspa.cl\/blog\/wp-json\/wp\/v2\/comments?post=40928"}],"version-history":[{"count":0,"href":"https:\/\/lbmedicalspa.cl\/blog\/wp-json\/wp\/v2\/posts\/40928\/revisions"}],"wp:featuredmedia":[{"embeddable":true,"href":"https:\/\/lbmedicalspa.cl\/blog\/wp-json\/wp\/v2\/media\/40933"}],"wp:attachment":[{"href":"https:\/\/lbmedicalspa.cl\/blog\/wp-json\/wp\/v2\/media?parent=40928"}],"wp:term":[{"taxonomy":"category","embeddable":true,"href":"https:\/\/lbmedicalspa.cl\/blog\/wp-json\/wp\/v2\/categories?post=40928"},{"taxonomy":"post_tag","embeddable":true,"href":"https:\/\/lbmedicalspa.cl\/blog\/wp-json\/wp\/v2\/tags?post=40928"}],"curies":[{"name":"wp","href":"https:\/\/api.w.org\/{rel}","templated":true}]}}